{"id":826,"date":"2024-04-23T16:33:49","date_gmt":"2024-04-23T19:33:49","guid":{"rendered":"https:\/\/funfans.com.br\/?p=826"},"modified":"2024-04-23T16:33:50","modified_gmt":"2024-04-23T19:33:50","slug":"tim-music-noites-cariocas-encerra-a-3a-temporada-dia-27-de-abril-com-seu-jorge","status":"publish","type":"post","link":"https:\/\/funfans.com.br\/index.php\/2024\/04\/23\/tim-music-noites-cariocas-encerra-a-3a-temporada-dia-27-de-abril-com-seu-jorge\/","title":{"rendered":"TIM Music Noites Cariocas, encerra a 3\u00aa temporada dia 27 de abril com SEU JORGE"},"content":{"rendered":"\n<p>O TIM Music Noites Cariocas n\u00e3o poderia encerrar a sua terceira temporada da forma mais completa, com a lenda Seu Jorge, \u00e9 ou n\u00e3o \u00e9 perfeito?&nbsp; &nbsp;<\/p>\n\n\n\n<p>O projeto, recebeu na sua estreia (5 de abril) Ritchie e Guilherme Arantes, seguido no dia 6 &#8211; com L7nnon&nbsp;e Catha, em 12 de abril &#8211; foi a vez de Blitz e Fernanda Abreu, o dia 13 &#8211; foi incr\u00edvel com Agnes Nunes e Marina Lima. Sem palavras para resumir o que foi o dia 19 &#8211; com Zeca Pagodinho e com a Ana Carolina, no dia seguinte (20). E agora na \u00faltima semana, encerra no dia 26 com Bala Desejo&nbsp;e com o \u00edcone Seu Jorge, na \u00faltima noite (27) da 3\u00aa temporada do TIM Music Noites Cariocas. &nbsp;<\/p>\n\n\n\n<p>Olha s\u00f3 a hist\u00f3ria desse mo\u00e7o &#8211; Jorge M\u00e1rio da Silva nasceu, em 1970, em Belford Roxo, no Rio de Janeiro, e cedo j\u00e1 sabia que queria ser m\u00fasico. Passou por diversos empregos desde os 10 anos, foi frequentador de bailes e rodas de samba cariocas, e logo come\u00e7ou a cantar na noite. Saiu de casa aos 19 anos e foi morador de rua por alguns anos, onde fez seu primeiro contato com o teatro. Descoberto pelo clarinetista Paulo Moura, fez um teste para um musical e desde ent\u00e3o sua vida mudou completamente.<\/p>\n\n\n\n<p>Em 1997, Seu Jorge, apelido dado pelo amigo e baterista Marcelo Yuka, passou a integrar a banda \u201cFarofa Carioca\u201d. Em 1998, lan\u00e7ou o CD \u201cMoro no Brasil\u201d, o \u00fanico com o grupo, em que apresenta uma mistura de ritmos como o samba, reggae, jongo, funk e rap. Participou de diversos projetos, entre eles, disco de tributo a Tim Maia, al\u00e9m da grava\u00e7\u00e3o em est\u00fadio e na turn\u00ea da banda Planet Hemp, em 2000.<\/p>\n\n\n\n<p>Em 2001, lan\u00e7ou o primeiro disco solo&nbsp;\u201cSamba Esporte Fino\u201d, produzido por M\u00e1rio Caldato e Seu Jorge, mixado e masterizado em Los Angeles (EUA). No ano seguinte, comp\u00f4s, com Ed Motta, a m\u00fasica&nbsp;\u201cTem espa\u00e7o na Van\u201d&nbsp;e tamb\u00e9m realizou o projeto de samba de partido alto chamado&nbsp;\u201cCaatinga de Swing\u201d, com apresenta\u00e7\u00f5es em casas na zona sul do Rio e no Skol Rio.<\/p>\n\n\n\n<p>Em 2003, gravou o disco&nbsp;\u201cCRU\u201d,&nbsp;em Itaipava, com o produtor musical franc\u00eas Jerome Pigeon, e nesse mesmo ano comp\u00f4s, em parceria com a cantora Ana Carolina, as m\u00fasicas&nbsp;\u201cBeat da Beata\u201d&nbsp;e&nbsp;\u201cN\u00e3o fale desse jeito\u201d&nbsp;para o disco dela de grande sucesso&nbsp;\u201cEstampado\u201d.<\/p>\n\n\n\n<p>Em 2004, gravou em Romam o videoclipe da m\u00fasica&nbsp;\u201cTive Raz\u00e3o\u201d, com participa\u00e7\u00e3o dos atores Willen Dafoe e Bill Murray, dirigido por Mariana Jorge. Em seguida, lan\u00e7ou o DVD&nbsp;\u201cMTV Apresenta Seu Jorge\u201d&nbsp;e comp\u00f4s com o m\u00fasico BID a faixa E depois para o disco&nbsp;\u201cBambas e biritas Vol. 1\u201d.<\/p>\n\n\n\n<p>Por dois anos consecutivos (2003 e 2004), ganhou o pr\u00eamio APCA&nbsp;(Associa\u00e7\u00e3o Paulista de Cr\u00edticos de Arte) de melhor cantor do ano.<\/p>\n\n\n\n<p>Em setembro de 2004, lan\u00e7ou o disco CRU na Fran\u00e7a (pelo selo Na\u00efve), e na Inglaterra, resultando em 5 estrelas na cr\u00edtica especializada francesa e inglesa, editoriais de \u00eanfase nas revistas Rolling Stones, Elle France, Vogue France e participa\u00e7\u00f5es em programas ao vivo de televis\u00e3o. Foi aclamado pelo p\u00fablico e m\u00eddia europeus como um novo grande representante da m\u00fasica brasileira.<\/p>\n\n\n\n<p>Foi convidado pela rede BBC de televis\u00e3o para cantar ao lado de Black Eye Peas e Foo Fighters no badalado programa de televis\u00e3o de Jools Holand, onde voltou alguns anos depois.<\/p>\n\n\n\n<p>Ainda neste mesmo per\u00edodo fez o show de lan\u00e7amento do DVD&nbsp;\u201cThe Life Aquatic\u201d, tocou na Pra\u00e7a da Bastilha, em Paris, ao lado de Gilberto Gil, Caetano Veloso, Lenine, Daniela Mercury e Jorge Benjor, fez um show no festival de Jazz de Montreux e saiu em tour pela Europa.<\/p>\n\n\n\n<p>Em meados de 2005, lan\u00e7ou CRU no Jap\u00e3o, onde j\u00e1 havia acumulado um vasto n\u00famero de f\u00e3s desde o Farofa Carioca. Ao voltar para o Brasil gravou o disco e o DVD do show&nbsp;\u201cSeu Jorge &amp; Ana Carolina &#8211; ao vivo\u201d. Em setembro, levou para os EUA a turn\u00ea do disco CRU nas principais cidades do pa\u00eds com ingressos esgotados em todos.<\/p>\n\n\n\n<p>Durante o carnaval de 2006 gravou um document\u00e1rio para a BBC de Londres, cujo tema foi a sua vida, veiculado no programa South Bank Show, e depois exibido no Brasil, Estados Unidos e Europa. Em abril, abriu os shows da cantora cabo-verdense Ces\u00e1ria \u00c9vora, em Nova York, Boston e Washington, e em maio, Seu Jorge recebeu Gilles Petterson e a CNN em sua casa para a grava\u00e7\u00e3o de um programa veiculado no mundo todo.<\/p>\n\n\n\n<p>Entre os meses de junho e julho, realizou uma turn\u00ea nos EUA e Canad\u00e1, realizando 21 shows em 29 dias, incluindo o encerramento do Festival de Cinema de Miami; Bonnaroo Festival em Manchester; Stern Grove Festival em San Francisco; Coastal Jazz Festival em Vancouver; Summerstage Festival no Central Park, em Nova Iorque; Montreal Jazz Festival; Quebec City Summer Festival, entre outros, com aclama\u00e7\u00e3o do p\u00fablico e m\u00eddia americana, o que lhe deu energia extra para esticar a turn\u00ea pelo Reino Unido e Portugal.<\/p>\n\n\n\n<p>Ao final de 2006, se concentrou na grava\u00e7\u00e3o e produ\u00e7\u00e3o de&nbsp;\u201cAm\u00e9rica Brasil &#8211; O Disco\u201d, sob o qual ficou em turn\u00ea por 2 anos consecutivos em solo nacional e internacional. Em Janeiro de 2009, gravou&nbsp;\u201cAm\u00e9rica Brasil &#8211; O DVD\u201d.<\/p>\n\n\n\n<p>Em Julho de 2010, lan\u00e7ou o disco&nbsp;\u201cSeu Jorge &amp; Almaz\u201d&nbsp;pela gravadora americana Now Again. O projeto nasceu em 2008, quando foi convidado para cantar em uma m\u00fasica parte da trilha sonora do filme Linha de Passe, de Walter Salles e Daniela Thomas.<\/p>\n\n\n\n<p>Do encontro com os m\u00fasicos L\u00facio Maia, Pupillo e Ant\u00f4nio Pinto, surgiu uma forte amizade e o desejo de gravar um disco. Doze vers\u00f5es de m\u00fasicas escolhidas por eles foram t\u00e3o logo gravadas, mas o lan\u00e7amento do disco s\u00f3 aconteceu dois anos depois, em fun\u00e7\u00e3o das agendas dos envolvidos. Em meados de 2010 uma turn\u00ea de 16 shows nas principais cidades americanas foi realizada com imenso sucesso e consagra\u00e7\u00e3o.<\/p>\n\n\n\n<p>Em 2011, lan\u00e7ou o disco&nbsp;\u201cM\u00fasicas para Churrasco Vol. 1\u201d, e no dia 20 de novembro do mesmo ano, no dia nacional da consci\u00eancia negra, gravou o DVD com sucesso de p\u00fablico. O lan\u00e7amento aconteceu 1 ano depois, na mesma data.<\/p>\n\n\n\n<p>Em 2012, Seu Jorge participou da Cerim\u00f4nia de Encerramento das Ol\u00edmpiadas, realizadas em Londres, quando cantou as m\u00fasicas&nbsp;\u201cNem Vem Que N\u00e3o Tem\u201d, de Wilson Simonal e&nbsp;\u201cAquela Abra\u00e7o\u201d,&nbsp;de Gilberto Gil. Em dezembro desse mesmo ano, Seu Jorge decidiu mudar-se para os Estados Unidos, onde morou em Los Angeles, junto com sua fam\u00edlia.<\/p>\n\n\n\n<p>Como ator, Seu Jorge atuou em diversos filmes, entre eles, \u201cCidade de Deus\u201d (2002), \u201cCasa de Areia\u201d (2005), \u201cReis e Ratos\u201d (2009), \u201cTropa de Elite 2\u201d (2010) \u201cE A\u00ed&#8230; Comeu? (2012) e \u201cPel\u00e9\u201d (2016).<\/p>\n\n\n\n<p>Na TV, atuou na miniss\u00e9rie \u201cOs Normais\u201d (2002), \u201cMandrake\u201d (2005) e Brasil, Brasil (2007). Em 2009 recebeu o Pr\u00eamio Multishow de M\u00fasica Brasileira &#8211; Melhor Cantor e em 2012 recebeu o Grammy Latino \u2013 Melhor \u00e1lbum pop contempor\u00e2neo: Seu Jorge, com \u201cM\u00fasicas Para Churrasco vol. 1\u201d. Em 2015, Seu Jorge lan\u00e7ou \u201cM\u00fasicas Para Churrasco v. 2\u201d.<\/p>\n\n\n\n<p>Atualmente, ele est\u00e1 na estrada com seu elogiado show solo, vem encantando o Brasil&nbsp;e os EUA com&nbsp;o maravilhoso projeto \u201cSeu Jorge &amp; Daniel Jobim interpretam Tom Jobim\u201d e tamb\u00e9m est\u00e1 encerrando a tour do premiado projeto \u201cIrm\u00e3os\u201d&nbsp;ao lado do cantor Alexandre Pires.<\/p>\n\n\n\n<p>Seu Jorge define a si mesmo como um cantor e compositor popular, que gosta de in\u00fameros g\u00eaneros musicais, mas cujo fundamento \u00e9 o samba: O samba \u00e9 a nossa verdade, nossa particularidade, \u00e9 nossa medalha de ouro, nosso baluarte, nosso estandarte brasileiro.<\/p>\n\n\n\n<p><strong>Dia 27 de abril&nbsp; &#8211; S\u00c1BADO&nbsp;<\/strong><\/p>\n\n\n\n<p><strong>Com Seu Jorge<\/strong><\/p>\n\n\n\n<p><strong>TIM MUSIC NOITES CARIOCAS &nbsp;<\/strong><\/p>\n\n\n\n<p>Local: Parque Bondinho P\u00e3o de A\u00e7\u00facar&nbsp;&nbsp;&nbsp;&nbsp;&nbsp;<\/p>\n\n\n\n<p>Endere\u00e7o: Av. Pasteur, 520 &#8211; Urca, Rio de Janeiro &#8211; RJ&nbsp;&nbsp;&nbsp;&nbsp;&nbsp;<\/p>\n\n\n\n<p>Site:\u202f<a href=\"http:\/\/www.timmusicnoitescariocas.com.br\/\" target=\"_blank\" rel=\"noreferrer noopener\">www.timmusicnoitescariocas.com.br<\/a>\u202f&nbsp;&nbsp;&nbsp;&nbsp;&nbsp;<\/p>\n\n\n\n<p>Vendas: Ingressos a partir de R$ 180 (meia)&nbsp;&nbsp;&nbsp;&nbsp;&nbsp;<\/p>\n\n\n\n<p>Possui Acessibilidade&nbsp;&nbsp;&nbsp;&nbsp;&nbsp;<\/p>\n\n\n\n<p>Capacidade: 2100&nbsp;&nbsp;&nbsp;&nbsp;&nbsp;<\/p>\n\n\n\n<p>Idade m\u00ednima: 18 anos&nbsp;&nbsp;&nbsp;&nbsp;&nbsp;<\/p>\n\n\n\n<p>Abertura do bondinho: \u00e0s 21h30\u202f<\/p>\n\n\n\n<p>Hor\u00e1rio do show: 23h30\u00a0\u00a0\u00a0\u00a0<\/p>\n\n\n\n<p><\/p>\n","protected":false},"excerpt":{"rendered":"<p>O TIM Music Noites Cariocas n\u00e3o poderia encerrar a sua terceira temporada da forma mais completa, com a lenda Seu<\/p>\n","protected":false},"author":1,"featured_media":827,"comment_status":"closed","ping_status":"open","sticky":false,"template":"","format":"standard","meta":{"colormag_page_layout":"default_layout","ngg_post_thumbnail":0,"footnotes":""},"categories":[34,2,33],"tags":[],"class_list":["post-826","post","type-post","status-publish","format-standard","has-post-thumbnail","hentry","category-hot","category-shows","category-tv"],"magazineBlocksPostFeaturedMedia":{"thumbnail":"https:\/\/funfans.com.br\/wp-content\/uploads\/2024\/04\/jorge-150x150.jpg","medium":"https:\/\/funfans.com.br\/wp-content\/uploads\/2024\/04\/jorge-300x190.jpg","medium_large":"https:\/\/funfans.com.br\/wp-content\/uploads\/2024\/04\/jorge-768x486.jpg","large":"https:\/\/funfans.com.br\/wp-content\/uploads\/2024\/04\/jorge.jpg","1536x1536":"https:\/\/funfans.com.br\/wp-content\/uploads\/2024\/04\/jorge.jpg","2048x2048":"https:\/\/funfans.com.br\/wp-content\/uploads\/2024\/04\/jorge.jpg","colormag-highlighted-post":"https:\/\/funfans.com.br\/wp-content\/uploads\/2024\/04\/jorge-392x272.jpg","colormag-featured-post-medium":"https:\/\/funfans.com.br\/wp-content\/uploads\/2024\/04\/jorge-390x205.jpg","colormag-featured-post-small":"https:\/\/funfans.com.br\/wp-content\/uploads\/2024\/04\/jorge-130x90.jpg","colormag-featured-image":"https:\/\/funfans.com.br\/wp-content\/uploads\/2024\/04\/jorge-800x445.jpg","colormag-default-news":"https:\/\/funfans.com.br\/wp-content\/uploads\/2024\/04\/jorge-150x150.jpg","colormag-featured-image-large":"https:\/\/funfans.com.br\/wp-content\/uploads\/2024\/04\/jorge.jpg"},"magazineBlocksPostAuthor":{"name":"funfans","avatar":"https:\/\/secure.gravatar.com\/avatar\/710c48fad4d29733bc63b1f5542568aac6ee0ca14a13aea58f0f8207cdf94866?s=96&d=mm&r=g"},"magazineBlocksPostCommentsNumber":false,"magazineBlocksPostExcerpt":"O TIM Music Noites Cariocas n\u00e3o poderia encerrar a sua terceira temporada da forma mais completa, com a lenda Seu","magazineBlocksPostCategories":["HOT","SHOWS","TV"],"magazineBlocksPostViewCount":187,"magazineBlocksPostReadTime":8,"magazine_blocks_featured_image_url":{"full":["https:\/\/funfans.com.br\/wp-content\/uploads\/2024\/04\/jorge.jpg",950,601,false],"medium":["https:\/\/funfans.com.br\/wp-content\/uploads\/2024\/04\/jorge-300x190.jpg",300,190,true],"thumbnail":["https:\/\/funfans.com.br\/wp-content\/uploads\/2024\/04\/jorge-150x150.jpg",150,150,true]},"magazine_blocks_author":{"display_name":"funfans","author_link":"https:\/\/funfans.com.br\/index.php\/author\/funfans\/"},"magazine_blocks_comment":0,"magazine_blocks_author_image":"https:\/\/secure.gravatar.com\/avatar\/710c48fad4d29733bc63b1f5542568aac6ee0ca14a13aea58f0f8207cdf94866?s=96&d=mm&r=g","magazine_blocks_category":"<a href=\"https:\/\/funfans.com.br\/index.php\/category\/hot\/\" rel=\"category tag\">HOT<\/a> <a href=\"https:\/\/funfans.com.br\/index.php\/category\/shows\/\" rel=\"category tag\">SHOWS<\/a> <a href=\"https:\/\/funfans.com.br\/index.php\/category\/tv\/\" rel=\"category tag\">TV<\/a>","_links":{"self":[{"href":"https:\/\/funfans.com.br\/index.php\/wp-json\/wp\/v2\/posts\/826","targetHints":{"allow":["GET"]}}],"collection":[{"href":"https:\/\/funfans.com.br\/index.php\/wp-json\/wp\/v2\/posts"}],"about":[{"href":"https:\/\/funfans.com.br\/index.php\/wp-json\/wp\/v2\/types\/post"}],"author":[{"embeddable":true,"href":"https:\/\/funfans.com.br\/index.php\/wp-json\/wp\/v2\/users\/1"}],"replies":[{"embeddable":true,"href":"https:\/\/funfans.com.br\/index.php\/wp-json\/wp\/v2\/comments?post=826"}],"version-history":[{"count":1,"href":"https:\/\/funfans.com.br\/index.php\/wp-json\/wp\/v2\/posts\/826\/revisions"}],"predecessor-version":[{"id":828,"href":"https:\/\/funfans.com.br\/index.php\/wp-json\/wp\/v2\/posts\/826\/revisions\/828"}],"wp:featuredmedia":[{"embeddable":true,"href":"https:\/\/funfans.com.br\/index.php\/wp-json\/wp\/v2\/media\/827"}],"wp:attachment":[{"href":"https:\/\/funfans.com.br\/index.php\/wp-json\/wp\/v2\/media?parent=826"}],"wp:term":[{"taxonomy":"category","embeddable":true,"href":"https:\/\/funfans.com.br\/index.php\/wp-json\/wp\/v2\/categories?post=826"},{"taxonomy":"post_tag","embeddable":true,"href":"https:\/\/funfans.com.br\/index.php\/wp-json\/wp\/v2\/tags?post=826"}],"curies":[{"name":"wp","href":"https:\/\/api.w.org\/{rel}","templated":true}]}}