{"id":751,"date":"2024-04-10T00:15:49","date_gmt":"2024-04-10T03:15:49","guid":{"rendered":"https:\/\/funfans.com.br\/?p=751"},"modified":"2024-04-10T00:15:50","modified_gmt":"2024-04-10T03:15:50","slug":"tim-music-noites-cariocas-12-de-abril-com-blitz-e-fernanda-abreu","status":"publish","type":"post","link":"https:\/\/funfans.com.br\/index.php\/2024\/04\/10\/tim-music-noites-cariocas-12-de-abril-com-blitz-e-fernanda-abreu\/","title":{"rendered":"TIM MUSIC NOITES CARIOCAS &#8211; 12 DE Abril com BLITZ e FERNANDA ABREU"},"content":{"rendered":"\n<p><strong>TIM Music Noites Cariocas<\/strong> <strong>recebe no dia 12 de abril<\/strong> <strong>BLITZ com a \u201cTURN\u00ca SEM FIM\u201d<\/strong> <strong>e FERNANDA ABREU\u00a0com\u00a0\u201cAMOR GERAL (A)LIVE\u201d<\/strong><\/p>\n\n\n\n<p>A segunda semana do&nbsp;TIM Music Noites Cariocas, na sexta (12) ser\u00e1 com Blitz e Fernanda Abreu, dois shows em uma \u00fanica noite, no lugar mais lindo do mundo. Blitz&nbsp;embarca&nbsp;na&nbsp;\u201cTURN\u00ca SEM FIM\u201d.&nbsp;O&nbsp;grupo,&nbsp;que&nbsp;\u00e9&nbsp;uma&nbsp;das&nbsp;grandes&nbsp;marcas&nbsp;do&nbsp;BRock, segue agitando plateias. E Fernanda Abreu traz o show&nbsp;\u201cAMOR GERAL (A)LIVE\u201d, vai perder??? de volta aos tempos \u00e1ureos do noites cariocas.&nbsp;<\/p>\n\n\n\n<p>Blitz&nbsp;&#8211; A&nbsp;banda&nbsp;da&nbsp;praia&nbsp;que&nbsp;conquistou&nbsp;o&nbsp;Brasil&nbsp;sai&nbsp;em&nbsp;sua&nbsp;mais&nbsp;nova&nbsp;turn\u00ea.&nbsp;A&nbsp;\u201cturn\u00ea&nbsp;sem&nbsp;fim\u201d,&nbsp;como&nbsp;definiu&nbsp;o&nbsp;grupo.&nbsp;O&nbsp;palco&nbsp;ferve&nbsp;com&nbsp;a&nbsp;mistura&nbsp;de&nbsp;rock, pop, funk, reggae, samba, soul e blues, ingredientes da sonoridade da Blitz.&nbsp;<\/p>\n\n\n\n<p>Hist\u00f3ria&nbsp; &#8211;&nbsp;Com sua origem no grupo teatral Asdr\u00fabal Trouxe o Trombone, o grupo nasceu sob a lona do Circo Voador, na praia do Arpoador, no Rio de Janeiro. Foram&nbsp;necess\u00e1rios apenas tr\u00eas meses para se transformar na sensa\u00e7\u00e3o do mercado fonogr\u00e1fico brasileiro nos anos 80. Em plena crise do setor, a Blitz atingiu a marca de&nbsp;um&nbsp;milh\u00e3o meio&nbsp;de&nbsp;c\u00f3pias&nbsp;vendidas&nbsp;com&nbsp;o&nbsp;compacto&nbsp;\u201cVoc\u00ea&nbsp;n\u00e3o&nbsp;soube me&nbsp;amar\u201d. Na sequ\u00eancia, lan\u00e7ou o primeiro LP \u2018As Aventuras da Blitz\u2019, com venda mais impressionante que a do compacto.<\/p>\n\n\n\n<p>O grupo ganhou capas de revistas importantes como Veja, Manchete e Isto \u00c9. Evandro&nbsp;&amp;&nbsp;Cia&nbsp;arrombaram&nbsp;as&nbsp;portas&nbsp;do&nbsp;Rock Brasil,&nbsp;a&nbsp;MPB&nbsp;nunca&nbsp;mais&nbsp;seria&nbsp;a&nbsp;mesma.&nbsp;O&nbsp;sucesso&nbsp;da&nbsp;banda&nbsp;mudou o&nbsp;panorama&nbsp;das&nbsp;r\u00e1dios&nbsp;e&nbsp;das&nbsp;gravadoras&nbsp;do&nbsp;Brasil.&nbsp;O&nbsp;grupo&nbsp;fez&nbsp;grandes&nbsp;shows&nbsp;em&nbsp;gin\u00e1sios&nbsp;e&nbsp;est\u00e1dios,&nbsp;como&nbsp;no&nbsp;extinto&nbsp;Canec\u00e3o,&nbsp;onde batia recordes de p\u00fablico em sequ\u00eancia. Em palcos internacionais inusitados como Moscou em 85, Jap\u00e3o, EUA, Argentina e Portugal. Algumas&nbsp;apresenta\u00e7\u00f5es&nbsp;merecem&nbsp;destaque:&nbsp;no&nbsp;primeiro&nbsp;Rock In&nbsp;Rio,&nbsp;em&nbsp;1985&nbsp;e&nbsp;na Pra\u00e7a da Apoteose, em 1984, quando foi o primeiro grupo a se apresentar naquele palco, para mais de 60 mil pessoas.&nbsp;<\/p>\n\n\n\n<p>Recentemente, a Blitz fez turn\u00eas passando por EUA, Europa e Jap\u00e3o (2011, 2014, 2015 e 2018). O \u00faltimo \u00e1lbum do grupo concorreu ao Grammy latino em 2017. J\u00e1 em 2020, a hist\u00f3ria da banda virou filme: \u201cBlitz \u2013 o Filme\u201d foi exibido no Festival de Cinema do Rio. O grupo foi a atra\u00e7\u00e3o principal dos maiores r\u00e9veillons do Brasil: Praia de Copacabana e Avenida Paulista. Agora, em 2022, foi headliner do festival da&nbsp;maior&nbsp;revista&nbsp;e&nbsp;portal&nbsp;de m\u00fasica&nbsp;do Brasil:&nbsp;a&nbsp;Rolling&nbsp;Stone e&nbsp;tamb\u00e9m&nbsp;foi&nbsp;headliner em diversas capitais no Rock Brasil &#8211; maior festival de rock itinerante do pa\u00eds. Foi homenageada no Rock in Rio 2022 e lotou o palco Sunset durante o seu show. Tamb\u00e9m&nbsp;em&nbsp;2022&nbsp;foi&nbsp;homenageada&nbsp;pelo&nbsp;Fant\u00e1stico&nbsp;celebrando&nbsp;os&nbsp;40&nbsp;anos do&nbsp;clipe de \u201cVoc\u00ea n\u00e3o soube me amar\u201d, al\u00e9m disso esteve presente em programas de TV como Caldeir\u00e3o do Mion, Faust\u00e3o, Altas Horas e Domingo Espetacular.&nbsp;<\/p>\n\n\n\n<p>A forma\u00e7\u00e3o atual da Blitz \u00e9 Evandro Mesquita (vocal, guitarra e viol\u00e3o), Billy Forghieri&nbsp;(teclados),&nbsp;Juba&nbsp;(bateria),&nbsp;Rog\u00e9rio&nbsp;Meanda&nbsp;(guitarra),&nbsp;Alana&nbsp;Alberg&nbsp;(baixo), Andr\u00e9a Coutinho (backing vocal) e Nicole Cyrne (backing vocal).&nbsp;<\/p>\n\n\n\n<p><strong>FERNANDA ABREU&nbsp;<\/strong><\/p>\n\n\n\n<p><strong>Fernanda Abreu apresenta\u00a0\u201cAMOR GERAL (A)LIVE\u201d<\/strong> <strong>tamb\u00e9m no dia 12\u00a0<\/strong><\/p>\n\n\n\n<p>Considerada a \u201cm\u00e3e do Pop dan\u00e7ante brasileiro\u201d, Fernanda Abreu comemora 32 anos de carreira solo apresentando o show AMOR GERAL(A)LIVE, registro de seu \u00faltimo projeto gravado e lan\u00e7ado em 2020.<\/p>\n\n\n\n<p>Depois do afastamento obrigat\u00f3rio dos palcos por conta da pandemia da Covid 19, Fernanda retoma a estrada em capitais brasileiras, festivais e cidades do interior do Brasil. Com sucesso de cr\u00edtica e p\u00fablico a artista segue mostrando suas id\u00e9ias atrav\u00e9s de seu canto e sua&nbsp; dan\u00e7a sempre com muito suingue &nbsp;e reafirmando o status atemporal de sua obra.<\/p>\n\n\n\n<p>A artista apresenta algumas m\u00fasicas do seu \u00faltimo \u00e1lbum de in\u00e9ditas \u201cAMOR GERAL\u201d e hits de sua emblem\u00e1tica discografia, como \u201cGarota Sangue Bom\u201d, \u201cVeneno da Lata\u201d, \u201cK\u00e1tia Fl\u00e1via\u201d, \u201cVoce pra mim\u201d, \u201cBaile da pesada\u201d entre outros e, claro, o hino chapa quente: \u201cRio 40 Graus\u201d. &nbsp;Fernanda divide o palco com sua banda poderosa, composta por m\u00fasicos que dispensam apresenta\u00e7\u00f5es como Tuto Ferraz (bateria e programa\u00e7\u00e3o eletr\u00f4nica), Andre Carneiro (baixo), Leonardo Vieira (guitarra) e,&nbsp;Alegria Mattos nos vocais e a bailarina Vict\u00f3rya Devin.<\/p>\n\n\n\n<p>Num mundo que destila \u00f3dio, o amor \u00e9 o ant\u00eddoto e a resposta mais poderosa! O amor em forma de m\u00fasica e dan\u00e7a. Sempre apontando novos caminhos, em AMOR GERAL (A)LIVE, Fernanda Abreu atualiza mais um cap\u00edtulo na hist\u00f3ria da sua brilhante e s\u00f3lida trajet\u00f3ria de assinatura \u00fanica, fazendo jus ao t\u00edtulo de eterna Garota Carioca Suingue Sangue Bom.<\/p>\n\n\n\n<figure class=\"wp-block-gallery has-nested-images columns-default is-cropped wp-block-gallery-1 is-layout-flex wp-block-gallery-is-layout-flex\">\n<figure class=\"wp-block-image size-large\"><img loading=\"lazy\" decoding=\"async\" width=\"950\" height=\"601\" data-id=\"753\" src=\"https:\/\/funfans.com.br\/wp-content\/uploads\/2024\/04\/blitz.jpg\" alt=\"\" class=\"wp-image-753\" srcset=\"https:\/\/funfans.com.br\/wp-content\/uploads\/2024\/04\/blitz.jpg 950w, https:\/\/funfans.com.br\/wp-content\/uploads\/2024\/04\/blitz-300x190.jpg 300w, https:\/\/funfans.com.br\/wp-content\/uploads\/2024\/04\/blitz-768x486.jpg 768w\" sizes=\"auto, (max-width: 950px) 100vw, 950px\" \/><\/figure>\n\n\n\n<figure class=\"wp-block-image size-large\"><img loading=\"lazy\" decoding=\"async\" width=\"950\" height=\"601\" data-id=\"754\" src=\"https:\/\/funfans.com.br\/wp-content\/uploads\/2024\/04\/fe-1.jpg\" alt=\"\" class=\"wp-image-754\" srcset=\"https:\/\/funfans.com.br\/wp-content\/uploads\/2024\/04\/fe-1.jpg 950w, https:\/\/funfans.com.br\/wp-content\/uploads\/2024\/04\/fe-1-300x190.jpg 300w, https:\/\/funfans.com.br\/wp-content\/uploads\/2024\/04\/fe-1-768x486.jpg 768w\" sizes=\"auto, (max-width: 950px) 100vw, 950px\" \/><\/figure>\n<\/figure>\n\n\n\n<p><strong>Dia 12 de abril&nbsp; &#8211; abertura Blitz, show principal Fernanda Abreu&nbsp;<\/strong><\/p>\n\n\n\n<p>TIM MUSIC NOITES CARIOCAS &nbsp;<\/p>\n\n\n\n<p>Local: Parque Bondinho P\u00e3o de A\u00e7\u00facar&nbsp;&nbsp;&nbsp;&nbsp;&nbsp;<\/p>\n\n\n\n<p>Endere\u00e7o: Av. Pasteur, 520 &#8211; Urca, Rio de Janeiro &#8211; RJ&nbsp;&nbsp;&nbsp;&nbsp;&nbsp;<\/p>\n\n\n\n<p>Site:\u202f<a href=\"http:\/\/www.timmusicnoitescariocas.com.br\/\" target=\"_blank\" rel=\"noreferrer noopener\">www.timmusicnoitescariocas.com.br<\/a>\u202f&nbsp;&nbsp;&nbsp;&nbsp;&nbsp;<\/p>\n\n\n\n<p>Vendas: Ingressos a partir de R$ 180 (meia)&nbsp;&nbsp;&nbsp;&nbsp;&nbsp;<\/p>\n\n\n\n<p>Possui Acessibilidade&nbsp;&nbsp;&nbsp;&nbsp;&nbsp;<\/p>\n\n\n\n<p>Capacidade: 2100&nbsp;&nbsp;&nbsp;&nbsp;&nbsp;<\/p>\n\n\n\n<p>Idade m\u00ednima: 18 anos&nbsp;&nbsp;&nbsp;&nbsp;&nbsp;<\/p>\n\n\n\n<p>Abertura do bondinho: \u00e0s 21h30\u202f&nbsp;&nbsp;&nbsp;&nbsp;&nbsp;<\/p>\n\n\n\n<p>AGENDA DE SHOWS&nbsp;&nbsp;<\/p>\n\n\n\n<p>J\u00e1 realizado em 5 de abril &#8211; Ritchie e Guilherme Arantes e em 6 de abril &#8211; L7nnon&nbsp;&nbsp;&nbsp;e Catha<\/p>\n\n\n\n<p>12 de abril &#8211; Sexta-feira \u2013 Blitz e Fernanda Abreu&nbsp;&nbsp;<\/p>\n\n\n\n<p>13 de abril &#8211; S\u00e1bado \u2013 Agnes Nunes e Marina Lima&nbsp;&nbsp;<\/p>\n\n\n\n<p>19 de abril &#8211; Sexta-feira \u2013 Zeca Pagodinho&nbsp;&nbsp;<\/p>\n\n\n\n<p>20 de abril &#8211; S\u00e1bado &#8211; Ana Carolina&nbsp;&nbsp;<\/p>\n\n\n\n<p>26 de abril &#8211; Sexta-feira \u2013 Bala Desejo&nbsp;&nbsp;<\/p>\n\n\n\n<p>27 de abril &#8211; S\u00e1bado \u2013 Seu Jorge&nbsp;&nbsp;<\/p>\n","protected":false},"excerpt":{"rendered":"<p>TIM Music Noites Cariocas recebe no dia 12 de abril BLITZ com a \u201cTURN\u00ca SEM FIM\u201d e FERNANDA ABREU\u00a0com\u00a0\u201cAMOR GERAL<\/p>\n","protected":false},"author":1,"featured_media":752,"comment_status":"closed","ping_status":"open","sticky":false,"template":"","format":"standard","meta":{"colormag_page_layout":"default_layout","ngg_post_thumbnail":0,"footnotes":""},"categories":[2,33],"tags":[],"class_list":["post-751","post","type-post","status-publish","format-standard","has-post-thumbnail","hentry","category-shows","category-tv"],"magazineBlocksPostFeaturedMedia":{"thumbnail":"https:\/\/funfans.com.br\/wp-content\/uploads\/2024\/04\/fe-150x150.jpg","medium":"https:\/\/funfans.com.br\/wp-content\/uploads\/2024\/04\/fe-300x190.jpg","medium_large":"https:\/\/funfans.com.br\/wp-content\/uploads\/2024\/04\/fe-768x486.jpg","large":"https:\/\/funfans.com.br\/wp-content\/uploads\/2024\/04\/fe.jpg","1536x1536":"https:\/\/funfans.com.br\/wp-content\/uploads\/2024\/04\/fe.jpg","2048x2048":"https:\/\/funfans.com.br\/wp-content\/uploads\/2024\/04\/fe.jpg","colormag-highlighted-post":"https:\/\/funfans.com.br\/wp-content\/uploads\/2024\/04\/fe-392x272.jpg","colormag-featured-post-medium":"https:\/\/funfans.com.br\/wp-content\/uploads\/2024\/04\/fe-390x205.jpg","colormag-featured-post-small":"https:\/\/funfans.com.br\/wp-content\/uploads\/2024\/04\/fe-130x90.jpg","colormag-featured-image":"https:\/\/funfans.com.br\/wp-content\/uploads\/2024\/04\/fe-800x445.jpg","colormag-default-news":"https:\/\/funfans.com.br\/wp-content\/uploads\/2024\/04\/fe-150x150.jpg","colormag-featured-image-large":"https:\/\/funfans.com.br\/wp-content\/uploads\/2024\/04\/fe.jpg"},"magazineBlocksPostAuthor":{"name":"funfans","avatar":"https:\/\/secure.gravatar.com\/avatar\/710c48fad4d29733bc63b1f5542568aac6ee0ca14a13aea58f0f8207cdf94866?s=96&d=mm&r=g"},"magazineBlocksPostCommentsNumber":false,"magazineBlocksPostExcerpt":"TIM Music Noites Cariocas recebe no dia 12 de abril BLITZ com a \u201cTURN\u00ca SEM FIM\u201d e FERNANDA ABREU\u00a0com\u00a0\u201cAMOR GERAL","magazineBlocksPostCategories":["SHOWS","TV"],"magazineBlocksPostViewCount":198,"magazineBlocksPostReadTime":6,"magazine_blocks_featured_image_url":{"full":["https:\/\/funfans.com.br\/wp-content\/uploads\/2024\/04\/fe.jpg",950,601,false],"medium":["https:\/\/funfans.com.br\/wp-content\/uploads\/2024\/04\/fe-300x190.jpg",300,190,true],"thumbnail":["https:\/\/funfans.com.br\/wp-content\/uploads\/2024\/04\/fe-150x150.jpg",150,150,true]},"magazine_blocks_author":{"display_name":"funfans","author_link":"https:\/\/funfans.com.br\/index.php\/author\/funfans\/"},"magazine_blocks_comment":0,"magazine_blocks_author_image":"https:\/\/secure.gravatar.com\/avatar\/710c48fad4d29733bc63b1f5542568aac6ee0ca14a13aea58f0f8207cdf94866?s=96&d=mm&r=g","magazine_blocks_category":"<a href=\"https:\/\/funfans.com.br\/index.php\/category\/shows\/\" rel=\"category tag\">SHOWS<\/a> <a href=\"https:\/\/funfans.com.br\/index.php\/category\/tv\/\" rel=\"category tag\">TV<\/a>","_links":{"self":[{"href":"https:\/\/funfans.com.br\/index.php\/wp-json\/wp\/v2\/posts\/751","targetHints":{"allow":["GET"]}}],"collection":[{"href":"https:\/\/funfans.com.br\/index.php\/wp-json\/wp\/v2\/posts"}],"about":[{"href":"https:\/\/funfans.com.br\/index.php\/wp-json\/wp\/v2\/types\/post"}],"author":[{"embeddable":true,"href":"https:\/\/funfans.com.br\/index.php\/wp-json\/wp\/v2\/users\/1"}],"replies":[{"embeddable":true,"href":"https:\/\/funfans.com.br\/index.php\/wp-json\/wp\/v2\/comments?post=751"}],"version-history":[{"count":1,"href":"https:\/\/funfans.com.br\/index.php\/wp-json\/wp\/v2\/posts\/751\/revisions"}],"predecessor-version":[{"id":755,"href":"https:\/\/funfans.com.br\/index.php\/wp-json\/wp\/v2\/posts\/751\/revisions\/755"}],"wp:featuredmedia":[{"embeddable":true,"href":"https:\/\/funfans.com.br\/index.php\/wp-json\/wp\/v2\/media\/752"}],"wp:attachment":[{"href":"https:\/\/funfans.com.br\/index.php\/wp-json\/wp\/v2\/media?parent=751"}],"wp:term":[{"taxonomy":"category","embeddable":true,"href":"https:\/\/funfans.com.br\/index.php\/wp-json\/wp\/v2\/categories?post=751"},{"taxonomy":"post_tag","embeddable":true,"href":"https:\/\/funfans.com.br\/index.php\/wp-json\/wp\/v2\/tags?post=751"}],"curies":[{"name":"wp","href":"https:\/\/api.w.org\/{rel}","templated":true}]}}