{"id":744,"date":"2024-04-01T23:41:09","date_gmt":"2024-04-02T02:41:09","guid":{"rendered":"https:\/\/funfans.com.br\/?p=744"},"modified":"2024-04-02T23:50:21","modified_gmt":"2024-04-03T02:50:21","slug":"tim-music-noites-cariocas-5-de-abril-com-ritchie-e-guilherme-arantes","status":"publish","type":"post","link":"https:\/\/funfans.com.br\/index.php\/2024\/04\/01\/tim-music-noites-cariocas-5-de-abril-com-ritchie-e-guilherme-arantes\/","title":{"rendered":"TIM Music Noites Cariocas &#8211; 5 de ABRIL com RITCHIE e GUILHERME ARANTES"},"content":{"rendered":"\n<p><strong>3\u00aa temporada do TIM Music Noites Cariocas\u00a0De 5 a 27 de abril\u00a0ao Parque Bondinho P\u00e3o de A\u00e7ucar\u00a0 \u00a0<\/strong><\/p>\n\n\n\n<p><strong>Estreia no dia 5 de abril com\u00a0Ritchie e Guilherme Arantes<\/strong><\/p>\n\n\n\n<figure class=\"wp-block-image alignright size-large is-resized\"><img loading=\"lazy\" decoding=\"async\" width=\"684\" height=\"1024\" src=\"https:\/\/funfans.com.br\/wp-content\/uploads\/2024\/04\/Ritchie_Mar-2024_Alessandra-Tolc_172_Alta-684x1024.jpg\" alt=\"\" class=\"wp-image-745\" style=\"width:329px;height:auto\" srcset=\"https:\/\/funfans.com.br\/wp-content\/uploads\/2024\/04\/Ritchie_Mar-2024_Alessandra-Tolc_172_Alta-684x1024.jpg 684w, https:\/\/funfans.com.br\/wp-content\/uploads\/2024\/04\/Ritchie_Mar-2024_Alessandra-Tolc_172_Alta-200x300.jpg 200w, https:\/\/funfans.com.br\/wp-content\/uploads\/2024\/04\/Ritchie_Mar-2024_Alessandra-Tolc_172_Alta.jpg 721w\" sizes=\"auto, (max-width: 684px) 100vw, 684px\" \/><\/figure>\n\n\n\n<p><strong>RITCHIE LAN\u00c7A DOIS SINGLES na estreia da 3\u00ba temporada do TIM Music Noites Cariocas&nbsp;<\/strong><strong>&#8211;&nbsp;<\/strong>As comemora\u00e7\u00f5es dos 40 anos de \u201cMenina Veneno\u201d e do lan\u00e7amento do \u00e1lbum \u201cVoo de Cora\u00e7\u00e3o\u201d continuam a encantar o p\u00fablico na turn\u00ea \u201cA vida tem dessas coisas\u201d. S\u00f3 que agora Ritchie presenteia os f\u00e3s com duas grandes novidades: a regrava\u00e7\u00e3o de \u201cAndo meio desligado\u201d, sucesso nos shows para homenagear Rita Lee, e a in\u00e9dita \u201cSaudade sem passagem\u201d, parceria com Fausto Nilo.<\/p>\n\n\n\n<p>Ambas fazem parte da parceria de Ritchie com a gravadora Biscoito Fino. Rita Lee foi \u201ca fada-madrinha\u201d que mudou o curso da vida de Ritchie, como ele mesmo pontua:<\/p>\n\n\n\n<p>\u201cRita foi a primeira brasileira que eu conheci em Londres, em 1972, quando ela apareceu no est\u00fadio onde eu estava gravando flauta no disco de uma banda londrina. Ficamos amigos logo de cara, ajudei ela a escolher sua primeira flauta transversal e ela, por sua vez, me mostrou pela primeira vez, \u201cAndo Meio Desligado\u201d, (j\u00e1 havia sido um grande hit dos Mutantes). Arrisco acrescentar que, n\u00e3o fosse pelo encontro fortuito com Rita (e com toda aquela turma que veio junto com ela \u00e0 Londres, um grupo que inclu\u00eda o Liminha e a \u201cCilibrina\u201d Lucinha Turnbull), eu talvez jamais teria pisado em solo brasileiro. Os Mutantes me hospedaram na casa deles na Serra da Cantareira em S\u00e3o Paulo. Rita, Arnaldo e S\u00e9rgio me ajudaram a formar minha primeira banda brasileira, Scalad\u00e1cida, naquele mesmo ano.<\/p>\n\n\n\n<p>Devo muito \u00e0 gentileza e carinho deles todos. Rita, minha querida fada-madrinha, obrigado por tudo\u2026 por ter mudado o curso da minha vida ao me convidar para conhecer o Brasil.\u201d<\/p>\n\n\n\n<p>A capa do single, que tem produ\u00e7\u00e3o musical de Eron Guarnieri, Renato Galozzi e do pr\u00f3prio Ritchie, estampa uma foto do arquivo pessoal do compositor. \u201cEssa foto foi feita no dia da nossa viagem ao Pa\u00eds de Gales, em 1972, o mesmo em que Rita me convidou para conhecer o Brasil. Viva Rita Lee Jones! Sejamos Mutantes!\u201d, finaliza.<\/p>\n\n\n\n<p>Sobre a m\u00fasica in\u00e9dita em parceria com Fausto Nilo, Ritchie diz que existem certas can\u00e7\u00f5es que ficam guardadas no fundo da gaveta, aguardando a hora certa de nascer: &#8211; \u00c0s vezes \u00e9 uma gesta\u00e7\u00e3o de anos. \u00c0s vezes \u00e9 porque elas possuem linhas mel\u00f3dicas ou palavras ainda a serem desvendadas. Saudade Sem Paisagem (Ela Jamais Vir\u00e1) \u00e9 uma dessas. A harmonia e melodia principal surgiram pela primeira vez na minha cabe\u00e7a em 2009. A letra foi logo encomendada ao querido parceiro e poeta, Fausto Nilo, mas o arranjo musical n\u00e3o ficou pronto a tempo para a grava\u00e7\u00e3o do meu DVD daquele mesmo ano. Deu saudade em<\/p>\n\n\n\n<p>2024 e agora ela ver\u00e1 a luz do dia. At\u00e9 que enfim, nasceu a crian\u00e7a &#8211; conta ele. J\u00e1 Fausto Nilo lembra que no in\u00edcio da parceria, Ritchie o provocava apresentando melodias que o inspiravam a escrever letras do jeito que ele gosta. &#8211; Sao imagens contextualizadas no cen\u00e1rio da vida urbana ou da natureza. Gosto e acho que \u00e0s vezes parecem roteiro de cinema. Muito grato parceiro por esta Saudade Sem Paisagem &#8211; diz Nilo.<\/p>\n\n\n\n<p>A turn\u00ea \u201cA vida tem dessas coisas\u201d, agora com m\u00fasica in\u00e9dita no repert\u00f3rio, continua a percorrer o Brasil, com pr\u00f3ximas apresenta\u00e7\u00f5es no Rio, Morro da Urca no pr\u00f3ximo dia 5, S\u00e3o Paulo, no dia 6, e Belo Horizonte&nbsp;&nbsp;dia&nbsp;20.<\/p>\n\n\n\n<p>Jorge Espirito Santo &#8211; Diretor Geral<\/p>\n\n\n\n<p>Show: RITCHIE &#8211; A Vida Tem Dessas Coisas<\/p>\n\n\n\n<p><strong>Guilherme Arantes no TIM Music Noites Cariocas <\/strong><\/p>\n\n\n\n<figure class=\"wp-block-image alignright size-large is-resized\"><img loading=\"lazy\" decoding=\"async\" width=\"678\" height=\"1024\" src=\"https:\/\/funfans.com.br\/wp-content\/uploads\/2024\/04\/Guilherme-Arantes-Foto-de-Vania-Toledo-678x1024.jpg\" alt=\"\" class=\"wp-image-746\" style=\"width:320px;height:auto\" srcset=\"https:\/\/funfans.com.br\/wp-content\/uploads\/2024\/04\/Guilherme-Arantes-Foto-de-Vania-Toledo-678x1024.jpg 678w, https:\/\/funfans.com.br\/wp-content\/uploads\/2024\/04\/Guilherme-Arantes-Foto-de-Vania-Toledo-199x300.jpg 199w, https:\/\/funfans.com.br\/wp-content\/uploads\/2024\/04\/Guilherme-Arantes-Foto-de-Vania-Toledo-768x1160.jpg 768w, https:\/\/funfans.com.br\/wp-content\/uploads\/2024\/04\/Guilherme-Arantes-Foto-de-Vania-Toledo-1017x1536.jpg 1017w, https:\/\/funfans.com.br\/wp-content\/uploads\/2024\/04\/Guilherme-Arantes-Foto-de-Vania-Toledo-rotated.jpg 1031w\" sizes=\"auto, (max-width: 678px) 100vw, 678px\" \/><\/figure>\n\n\n\n<p>Com 27 \u00e1lbuns lan\u00e7ados, Guilherme Arantes tem m\u00fasicas gravadas por Roberto Carlos, Maria Beth\u00e2nia, Elis Regina, Caetano Veloso, Gal Costa, entre outros. Em sua cole\u00e7\u00e3o de sucessos est\u00e3o \u201cPlaneta \u00c1gua\u201d, \u201cAmanh\u00e3\u201d, \u201cCheia de Charme\u201d, \u201cMeu Mundo e Nada Mais\u201d, \u201cUm Dia, Um Adeus, \u201cLindo Bal\u00e3o Azul\u201d, \u201cDeixa Chover\u201d, \u201cLance Legal\u201d, \u201cPedacinhos\u201d e \u201cBrincar de Viver\u201d.<\/p>\n\n\n\n<p>Em 2020, Guilherme se mudou para \u00c1vila, cidade medieval na Espanha. L\u00e1, estudou orquestra\u00e7\u00e3o e m\u00fasica barroca, que influenciou o seu \u00faltimo \u00e1lbum ,\u201cA Desordem dos Templ\u00e1rios\u201d (2021).<\/p>\n\n\n\n<p>Em 2024, Guilherme completa 48 anos de carreira e \u00e9 considerado um dos maiores compositores da m\u00fasica brasileira.&nbsp;<\/p>\n\n\n\n<p>No show, que \u00e9 a celebra\u00e7\u00e3o de uma carreira vitoriosa, Guilherme Arantes (voz e teclados) \u00e9 acompanhado por Luiz S\u00e9rgio Carlini e Alexandre Blanc (guitarras e viol\u00f5es), Gabriel Martini (bateria) e Willy Verdaguer (baixo). Juntos, fazem uma retrospectiva de todos os grandes sucessos do artista.<\/p>\n\n\n\n<p>DIA 5 DE ABRIL &#8211; ABERTURA com 2 shows &#8211; Guilherme Arantes e Ritchie&nbsp;<\/p>\n\n\n\n<p>TIM MUSIC NOITES CARIOCAS&nbsp;<\/p>\n\n\n\n<p>Local: Parque Bondinho P\u00e3o de A\u00e7\u00facar&nbsp;<\/p>\n\n\n\n<p>Endere\u00e7o: Av. Pasteur, 520 &#8211; Urca, Rio de Janeiro &#8211; RJ&nbsp;<\/p>\n\n\n\n<p>Site:&nbsp;<a href=\"http:\/\/www.timmusicnoitescariocas.com.br\/\" target=\"_blank\" rel=\"noreferrer noopener\">www.timmusicnoitescariocas.com.br<\/a><\/p>\n\n\n\n<p>Vendas: Ingressos a partir de R$ 180 (meia)&nbsp;<\/p>\n\n\n\n<p>Possui Acessibilidade&nbsp;<\/p>\n\n\n\n<p>Capacidade: 2100&nbsp;<\/p>\n\n\n\n<p>Idade m\u00ednima: 18 anos&nbsp;<\/p>\n\n\n\n<p>Abertura do bondinho: \u00e0s 21h30&nbsp;<\/p>\n\n\n\n<p>Hor\u00e1rio dos shows: 1\u00aa show \u00e0s 23h \/ 2\u00ba show \u00e0s 00h30&nbsp;<\/p>\n\n\n\n<p>LINE UP TIM MUSIC NOITES CARIOCAS 2024&nbsp;<\/p>\n\n\n\n<p>05 de abril &#8211; Sexta-feira \u2013 Ritchie e Guilherme Arantes&nbsp;<\/p>\n\n\n\n<p>06 de abril \u2013 S\u00e1bado \u2013 L7nnon e Catha&nbsp;<\/p>\n\n\n\n<p>12 de abril \u2013 Sexta-feira \u2013 Blitz e Fernanda Abreu&nbsp;<\/p>\n\n\n\n<p>13 de abril \u2013 S\u00e1bado \u2013 Agnes Nunes e Marina Lima&nbsp;<\/p>\n\n\n\n<p>19 de abril &#8211; Sexta-feira \u2013 Zeca Pagodinho<\/p>\n\n\n\n<p>20 de abril \u2013 S\u00e1bado &#8211; Ana Carolina&nbsp;<\/p>\n\n\n\n<p>26 de abril \u2013 Sexta-feira \u2013 Bala Desejo &#8211;&nbsp;com o Bala Baile Show, com participa\u00e7\u00f5es especiais como Maria Gadu e Pretinho da Serrinha.<\/p>\n\n\n\n<p>27 de abril \u2013 S\u00e1bado \u2013 Seu Jorge<\/p>\n\n\n\n<p><\/p>\n","protected":false},"excerpt":{"rendered":"<p>3\u00aa temporada do TIM Music Noites Cariocas\u00a0De 5 a 27 de abril\u00a0ao Parque Bondinho P\u00e3o de A\u00e7ucar\u00a0 \u00a0 Estreia no<\/p>\n","protected":false},"author":1,"featured_media":747,"comment_status":"closed","ping_status":"open","sticky":false,"template":"","format":"standard","meta":{"colormag_page_layout":"default_layout","ngg_post_thumbnail":0,"footnotes":""},"categories":[34,2],"tags":[],"class_list":["post-744","post","type-post","status-publish","format-standard","has-post-thumbnail","hentry","category-hot","category-shows"],"magazineBlocksPostFeaturedMedia":{"thumbnail":"https:\/\/funfans.com.br\/wp-content\/uploads\/2024\/04\/Guilherme-Arantes-Foto-de-Marcia-Gonzalez-150x150.jpg","medium":"https:\/\/funfans.com.br\/wp-content\/uploads\/2024\/04\/Guilherme-Arantes-Foto-de-Marcia-Gonzalez-300x200.jpg","medium_large":"https:\/\/funfans.com.br\/wp-content\/uploads\/2024\/04\/Guilherme-Arantes-Foto-de-Marcia-Gonzalez-768x512.jpg","large":"https:\/\/funfans.com.br\/wp-content\/uploads\/2024\/04\/Guilherme-Arantes-Foto-de-Marcia-Gonzalez-1024x683.jpg","1536x1536":"https:\/\/funfans.com.br\/wp-content\/uploads\/2024\/04\/Guilherme-Arantes-Foto-de-Marcia-Gonzalez-1536x1025.jpg","2048x2048":"https:\/\/funfans.com.br\/wp-content\/uploads\/2024\/04\/Guilherme-Arantes-Foto-de-Marcia-Gonzalez.jpg","colormag-highlighted-post":"https:\/\/funfans.com.br\/wp-content\/uploads\/2024\/04\/Guilherme-Arantes-Foto-de-Marcia-Gonzalez-392x272.jpg","colormag-featured-post-medium":"https:\/\/funfans.com.br\/wp-content\/uploads\/2024\/04\/Guilherme-Arantes-Foto-de-Marcia-Gonzalez-390x205.jpg","colormag-featured-post-small":"https:\/\/funfans.com.br\/wp-content\/uploads\/2024\/04\/Guilherme-Arantes-Foto-de-Marcia-Gonzalez-130x90.jpg","colormag-featured-image":"https:\/\/funfans.com.br\/wp-content\/uploads\/2024\/04\/Guilherme-Arantes-Foto-de-Marcia-Gonzalez-800x445.jpg","colormag-default-news":"https:\/\/funfans.com.br\/wp-content\/uploads\/2024\/04\/Guilherme-Arantes-Foto-de-Marcia-Gonzalez-150x150.jpg","colormag-featured-image-large":"https:\/\/funfans.com.br\/wp-content\/uploads\/2024\/04\/Guilherme-Arantes-Foto-de-Marcia-Gonzalez-1400x600.jpg"},"magazineBlocksPostAuthor":{"name":"funfans","avatar":"https:\/\/secure.gravatar.com\/avatar\/710c48fad4d29733bc63b1f5542568aac6ee0ca14a13aea58f0f8207cdf94866?s=96&d=mm&r=g"},"magazineBlocksPostCommentsNumber":false,"magazineBlocksPostExcerpt":"3\u00aa temporada do TIM Music Noites Cariocas\u00a0De 5 a 27 de abril\u00a0ao Parque Bondinho P\u00e3o de A\u00e7ucar\u00a0 \u00a0 Estreia no","magazineBlocksPostCategories":["HOT","SHOWS"],"magazineBlocksPostViewCount":196,"magazineBlocksPostReadTime":5,"magazine_blocks_featured_image_url":{"full":["https:\/\/funfans.com.br\/wp-content\/uploads\/2024\/04\/Guilherme-Arantes-Foto-de-Marcia-Gonzalez.jpg",1619,1080,false],"medium":["https:\/\/funfans.com.br\/wp-content\/uploads\/2024\/04\/Guilherme-Arantes-Foto-de-Marcia-Gonzalez-300x200.jpg",300,200,true],"thumbnail":["https:\/\/funfans.com.br\/wp-content\/uploads\/2024\/04\/Guilherme-Arantes-Foto-de-Marcia-Gonzalez-150x150.jpg",150,150,true]},"magazine_blocks_author":{"display_name":"funfans","author_link":"https:\/\/funfans.com.br\/index.php\/author\/funfans\/"},"magazine_blocks_comment":0,"magazine_blocks_author_image":"https:\/\/secure.gravatar.com\/avatar\/710c48fad4d29733bc63b1f5542568aac6ee0ca14a13aea58f0f8207cdf94866?s=96&d=mm&r=g","magazine_blocks_category":"<a href=\"https:\/\/funfans.com.br\/index.php\/category\/hot\/\" rel=\"category tag\">HOT<\/a> <a href=\"https:\/\/funfans.com.br\/index.php\/category\/shows\/\" rel=\"category tag\">SHOWS<\/a>","_links":{"self":[{"href":"https:\/\/funfans.com.br\/index.php\/wp-json\/wp\/v2\/posts\/744","targetHints":{"allow":["GET"]}}],"collection":[{"href":"https:\/\/funfans.com.br\/index.php\/wp-json\/wp\/v2\/posts"}],"about":[{"href":"https:\/\/funfans.com.br\/index.php\/wp-json\/wp\/v2\/types\/post"}],"author":[{"embeddable":true,"href":"https:\/\/funfans.com.br\/index.php\/wp-json\/wp\/v2\/users\/1"}],"replies":[{"embeddable":true,"href":"https:\/\/funfans.com.br\/index.php\/wp-json\/wp\/v2\/comments?post=744"}],"version-history":[{"count":2,"href":"https:\/\/funfans.com.br\/index.php\/wp-json\/wp\/v2\/posts\/744\/revisions"}],"predecessor-version":[{"id":749,"href":"https:\/\/funfans.com.br\/index.php\/wp-json\/wp\/v2\/posts\/744\/revisions\/749"}],"wp:featuredmedia":[{"embeddable":true,"href":"https:\/\/funfans.com.br\/index.php\/wp-json\/wp\/v2\/media\/747"}],"wp:attachment":[{"href":"https:\/\/funfans.com.br\/index.php\/wp-json\/wp\/v2\/media?parent=744"}],"wp:term":[{"taxonomy":"category","embeddable":true,"href":"https:\/\/funfans.com.br\/index.php\/wp-json\/wp\/v2\/categories?post=744"},{"taxonomy":"post_tag","embeddable":true,"href":"https:\/\/funfans.com.br\/index.php\/wp-json\/wp\/v2\/tags?post=744"}],"curies":[{"name":"wp","href":"https:\/\/api.w.org\/{rel}","templated":true}]}}