{"id":717,"date":"2024-03-26T22:57:49","date_gmt":"2024-03-27T01:57:49","guid":{"rendered":"https:\/\/funfans.com.br\/?p=717"},"modified":"2024-04-02T23:51:03","modified_gmt":"2024-04-03T02:51:03","slug":"tim-music-noites-cariocas-de-5-a-27-de-abril","status":"publish","type":"post","link":"https:\/\/funfans.com.br\/index.php\/2024\/03\/26\/tim-music-noites-cariocas-de-5-a-27-de-abril\/","title":{"rendered":"TIM MUSIC NOITES CARIOCAS &#8211; De 5 a 27 de abril"},"content":{"rendered":"\n<p><strong>3\u00aa temporada do TIM Music Noites Cariocas\u00a0festival de m\u00fasica mais longevo do Pop Rock Nacional, de volta ao Parque Bondinho P\u00e3o de A\u00e7\u00facar\u00a0De 5 a 27 de abril\u00a0Ritchie, Guilherme Arantes, L7nnon, Catha, Blitz, Fernanda Abreu, Agnes Nunes, Marina Lima, Zeca Pagodinho, Ana Carolina, Bala Desejo e Seu Jorge.\u00a0<\/strong><\/p>\n\n\n\n<p><strong>Sucesso absoluto, as 2 primeiras edi\u00e7\u00f5es do TIM MUSIC CARIOCAS reuniram mais de 42 mil pessoas, em mais de 72 horas de shows de 22 artistas renomados\u00a0<\/strong><\/p>\n\n\n\n<p>Preparem-se: em abril retorna para o Morro da Urca, um dos festivais mais ic\u00f4nicos e longevos da cidade: o TIM Music Noites Cariocas. A 3\u00aa temporada do festival acontece durante todo o m\u00eas de abril, sextas e s\u00e1bados, com shows no anfiteatro de um dos cart\u00f5es-postais mais deslumbrantes da cidade! O festival reunir\u00e1 novas apostas da m\u00fasica brasileira fazendo um mix perfeito com nomes j\u00e1 consagrados e novos talentos da m\u00fasica brasileira, ali\u00e1s, o grande legado do projeto, realizado em um dos mais bonitos cart\u00f5es postais do planeta.&nbsp;<\/p>\n\n\n\n<p>Nos anos de 2022 e 2023, o festival recebeu um p\u00fablico de mais de 42 mil pessoas, em 22 apresenta\u00e7\u00f5es, totalizando mais de 70h de shows e 640 viagens de bondinho, programados para levar o p\u00fablico para uma experi\u00eancia \u00fanica.&nbsp;<\/p>\n\n\n\n<p>A TIM, pelo terceiro ano consecutivo, tem o naming right do evento, refor\u00e7ando sua plataforma de m\u00fasica e seu apoio aos eventos culturais do pa\u00eds. L\u00edder em 5G no Brasil, a operadora foi a primeira a disponibilizar a tecnologia no Morro da Urca e planeja ampliar ainda mais experi\u00eancia de conectividade nessa edi\u00e7\u00e3o do projeto, como destaca Camila Ribeiro, Diretora de Advertising e Branding da empresa: \u201cOs festivais que realizamos ou patrocinamos s\u00e3o uma oportunidade \u00fanica para refor\u00e7ar a proximidade com o p\u00fablico por meio dessa paix\u00e3o que nos conecta, que \u00e9 a m\u00fasica. E tamb\u00e9m s\u00e3o o momento certo para destacarmos a inova\u00e7\u00e3o da marca, tangibilizada \u2013 principalmente \u2013 pelo nosso protagonismo no 5G. Queremos potencializar cada vez mais a experi\u00eancia de navega\u00e7\u00e3o das pessoas nos grandes eventos e trazer novas possibilidades, com ativa\u00e7\u00f5es surpreendentes, que mostrem um pouco de como pode ser o futuro dos super shows\u201d.&nbsp;<\/p>\n\n\n\n<p>\u201cNesta edi\u00e7\u00e3o do nosso TIM Music Noites Cariocas 2024, vamos trazer de volta o inesquec\u00edvel mood dos Anos 80, tendo no line up, nomes como, Ritchie e Blitz. Ser\u00e1 hist\u00f3rico.\u201d. define Luiz Calainho.<\/p>\n\n\n\n<p>A 3\u00aa temporada come\u00e7a dia 5 de abril (sexta-feira) com abertura da noite com o cantor e pianista Guilherme Arantes. Ap\u00f3s, sobe ao palco o fen\u00f4meno Ritchie, cantor e compositor brit\u00e2nico conhecido por hits como \u201cMenina Veneno\u201d e \u201cA Vida Tem Dessas Coisas\u201d.&nbsp;<\/p>\n\n\n\n<p>O s\u00e1bado (6), sobe ao palco outro fen\u00f4meno: L7nnon, destaque no cen\u00e1rio do rap e funk nacional, que vem conquistando o p\u00fablico no mundo, e dono de hits como \u201cAi, Preto!\u201d e \u201cFreio da Blazer\u201d. A noite ganha ainda abertura Catha, com um imenso potencial vocal, \u00e9 capaz de performar com maestria in\u00fameros sucessos da world music.&nbsp;<\/p>\n\n\n\n<p>O segundo final de semana (12) uma dobradinha emblem\u00e1tica, conhecida no palco do Noites Cariocas: Blitz, grupo surgido nos anos 80, comandado por Evandro Mesquita, abre com muito rock e letras que marcaram gera\u00e7\u00f5es. A noite continua com apresenta\u00e7\u00e3o da cantora Fernanda Abreu cantando sucessos da sua carreira como \u201cRio 40 graus\u201d e \u201cVeneno da Lata\u201d. Haja f\u00f4lego para essa noite.<\/p>\n\n\n\n<p>J\u00e1 no dia seguinte (13), o Noites ganha todo o potencial feminino com mais uma dobradinha, dessa vez com a cantora Agnes Nunes, dona de uma voz fenomenal que vem ganhando destaque avassalador; seguido do show da cantora Marina Lima, que faz total parte do Pop Rock Nacional, que apresenta o show \u201cNas ondas de Marina\u201d, cantando os maiores sucessos dos seus 40 anos de carreira. Ser\u00e1 memor\u00e1vel.<\/p>\n\n\n\n<p>A sexta-feira, de 19 de abril, \u00e9 a vez da lenda carioca &#8211; Zeca Pagodinho, que promete ferver a noite, com toda sua simpatia e carisma. J\u00e1 o s\u00e1bado (20) quem se apresenta \u00e9 Ana Carolina, com sua voz poderosa e emotiva, dona de sucessos como &#8220;Quem de N\u00f3s Dois&#8221; e &#8220;\u00c9 Isso A\u00ed&#8221;.&nbsp;<\/p>\n\n\n\n<p>O \u00faltimo final de semana do TIM Music Noites Cariocas apresenta na sexta-feira, dia 25, show do grupo Bala Desejo, com o Bala Baile Show, com participa\u00e7\u00f5es especiais como Maria Gadu e Pretinho da Serrinha. A 3\u00aa temporada do festival encerra na noite do dia 27 de abril com o imponente show do cantor Seu Jorge, com sua voz marcante e estilo musical \u00fanico.&nbsp;<\/p>\n\n\n\n<p>O palco que tanto carimbou artistas consagrados do pop rock nacional, retorna agora em abril de 2024, com 4 finais de semana consecutivos de apresenta\u00e7\u00f5es imperd\u00edveis, criando um novo cap\u00edtulo da noite carioca. N\u00e3o \u00e9 \u00e0 toa que \u00e9 o festival mais longevo da hist\u00f3ria, com 44 anos (desde 1980). Virou uma refer\u00eancia por reunir diferentes gera\u00e7\u00f5es da m\u00fasica brasileira e novos talentos.&nbsp;<\/p>\n\n\n\n<p>O Noites Cariocas foi idealizado por Nelson Motta na d\u00e9cada de 80, ganhou sobrevida sob o comando da dupla de empres\u00e1rios Alexandre Accioly e Luiz Calainho, que adquiriram os direitos da marca. Outras edi\u00e7\u00f5es ocorreram entre os anos de 2004 e 2009, promovido pela mesma dupla de empres\u00e1rios Alexandre Accioly e Luiz Andr\u00e9 Calainho, com realiza\u00e7\u00e3o da HUB 777, Accioly Participa\u00e7\u00f5es e Parque Bondinho P\u00e3o de A\u00e7\u00facar. L\u00e1 se v\u00e3o 20 anos de sucesso. N\u00e3o \u00e9 por nada n\u00e3o, a vista j\u00e1 \u00e9 linda, e com esse line-up, mais uma vez o hist\u00f3rico TIM Music Noites Cariocas presenteia a noite carioca com o espet\u00e1culo mais simb\u00f3lico da cidade.&nbsp;<\/p>\n\n\n\n<figure class=\"wp-block-gallery has-nested-images columns-4 is-cropped wp-block-gallery-1 is-layout-flex wp-block-gallery-is-layout-flex\">\n<figure class=\"wp-block-image size-medium\"><img loading=\"lazy\" decoding=\"async\" width=\"200\" height=\"300\" data-id=\"718\" src=\"https:\/\/funfans.com.br\/wp-content\/uploads\/2024\/03\/TIM-MUSIC-NOITES-CARIOCAS-AGNES-NUNES-FOTO-DIVULGACAO-200x300.jpg\" alt=\"\" class=\"wp-image-718\" srcset=\"https:\/\/funfans.com.br\/wp-content\/uploads\/2024\/03\/TIM-MUSIC-NOITES-CARIOCAS-AGNES-NUNES-FOTO-DIVULGACAO-200x300.jpg 200w, https:\/\/funfans.com.br\/wp-content\/uploads\/2024\/03\/TIM-MUSIC-NOITES-CARIOCAS-AGNES-NUNES-FOTO-DIVULGACAO-683x1024.jpg 683w, https:\/\/funfans.com.br\/wp-content\/uploads\/2024\/03\/TIM-MUSIC-NOITES-CARIOCAS-AGNES-NUNES-FOTO-DIVULGACAO.jpg 720w\" sizes=\"auto, (max-width: 200px) 100vw, 200px\" \/><\/figure>\n\n\n\n<figure class=\"wp-block-image size-medium\"><img loading=\"lazy\" decoding=\"async\" width=\"300\" height=\"200\" data-id=\"719\" src=\"https:\/\/funfans.com.br\/wp-content\/uploads\/2024\/03\/TIM-MUSIC-NOITES-CARIOCAS-ANA-CAROLINA-FOTO-IRIS-ALVES-300x200.jpg\" alt=\"\" class=\"wp-image-719\" srcset=\"https:\/\/funfans.com.br\/wp-content\/uploads\/2024\/03\/TIM-MUSIC-NOITES-CARIOCAS-ANA-CAROLINA-FOTO-IRIS-ALVES-300x200.jpg 300w, https:\/\/funfans.com.br\/wp-content\/uploads\/2024\/03\/TIM-MUSIC-NOITES-CARIOCAS-ANA-CAROLINA-FOTO-IRIS-ALVES-1024x683.jpg 1024w, https:\/\/funfans.com.br\/wp-content\/uploads\/2024\/03\/TIM-MUSIC-NOITES-CARIOCAS-ANA-CAROLINA-FOTO-IRIS-ALVES-768x512.jpg 768w, https:\/\/funfans.com.br\/wp-content\/uploads\/2024\/03\/TIM-MUSIC-NOITES-CARIOCAS-ANA-CAROLINA-FOTO-IRIS-ALVES-1536x1024.jpg 1536w, https:\/\/funfans.com.br\/wp-content\/uploads\/2024\/03\/TIM-MUSIC-NOITES-CARIOCAS-ANA-CAROLINA-FOTO-IRIS-ALVES.jpg 1620w\" sizes=\"auto, (max-width: 300px) 100vw, 300px\" \/><\/figure>\n\n\n\n<figure class=\"wp-block-image size-medium\"><img loading=\"lazy\" decoding=\"async\" width=\"300\" height=\"208\" data-id=\"725\" src=\"https:\/\/funfans.com.br\/wp-content\/uploads\/2024\/03\/TIM-MUSIC-NOITES-CARIOCAS-BALA-DESEJO-FOTO-Elisa-Maciel4-300x208.jpg\" alt=\"\" class=\"wp-image-725\" srcset=\"https:\/\/funfans.com.br\/wp-content\/uploads\/2024\/03\/TIM-MUSIC-NOITES-CARIOCAS-BALA-DESEJO-FOTO-Elisa-Maciel4-300x208.jpg 300w, https:\/\/funfans.com.br\/wp-content\/uploads\/2024\/03\/TIM-MUSIC-NOITES-CARIOCAS-BALA-DESEJO-FOTO-Elisa-Maciel4-1024x711.jpg 1024w, https:\/\/funfans.com.br\/wp-content\/uploads\/2024\/03\/TIM-MUSIC-NOITES-CARIOCAS-BALA-DESEJO-FOTO-Elisa-Maciel4-768x533.jpg 768w, https:\/\/funfans.com.br\/wp-content\/uploads\/2024\/03\/TIM-MUSIC-NOITES-CARIOCAS-BALA-DESEJO-FOTO-Elisa-Maciel4-1536x1066.jpg 1536w, https:\/\/funfans.com.br\/wp-content\/uploads\/2024\/03\/TIM-MUSIC-NOITES-CARIOCAS-BALA-DESEJO-FOTO-Elisa-Maciel4-392x272.jpg 392w, https:\/\/funfans.com.br\/wp-content\/uploads\/2024\/03\/TIM-MUSIC-NOITES-CARIOCAS-BALA-DESEJO-FOTO-Elisa-Maciel4-130x90.jpg 130w, https:\/\/funfans.com.br\/wp-content\/uploads\/2024\/03\/TIM-MUSIC-NOITES-CARIOCAS-BALA-DESEJO-FOTO-Elisa-Maciel4.jpg 1556w\" sizes=\"auto, (max-width: 300px) 100vw, 300px\" \/><\/figure>\n\n\n\n<figure class=\"wp-block-image size-medium\"><img loading=\"lazy\" decoding=\"async\" width=\"300\" height=\"300\" data-id=\"727\" src=\"https:\/\/funfans.com.br\/wp-content\/uploads\/2024\/03\/TIM-MUSIC-NOITES-CARIOCAS-BLITZ-FOTO-DIVULGACAO-300x300.jpg\" alt=\"\" class=\"wp-image-727\" srcset=\"https:\/\/funfans.com.br\/wp-content\/uploads\/2024\/03\/TIM-MUSIC-NOITES-CARIOCAS-BLITZ-FOTO-DIVULGACAO-300x300.jpg 300w, https:\/\/funfans.com.br\/wp-content\/uploads\/2024\/03\/TIM-MUSIC-NOITES-CARIOCAS-BLITZ-FOTO-DIVULGACAO-1024x1024.jpg 1024w, https:\/\/funfans.com.br\/wp-content\/uploads\/2024\/03\/TIM-MUSIC-NOITES-CARIOCAS-BLITZ-FOTO-DIVULGACAO-150x150.jpg 150w, https:\/\/funfans.com.br\/wp-content\/uploads\/2024\/03\/TIM-MUSIC-NOITES-CARIOCAS-BLITZ-FOTO-DIVULGACAO-768x768.jpg 768w, https:\/\/funfans.com.br\/wp-content\/uploads\/2024\/03\/TIM-MUSIC-NOITES-CARIOCAS-BLITZ-FOTO-DIVULGACAO.jpg 1080w\" sizes=\"auto, (max-width: 300px) 100vw, 300px\" \/><\/figure>\n\n\n\n<figure class=\"wp-block-image size-medium\"><img loading=\"lazy\" decoding=\"async\" width=\"300\" height=\"200\" data-id=\"726\" src=\"https:\/\/funfans.com.br\/wp-content\/uploads\/2024\/03\/TIM-MUSIC-NOITES-CARIOCAS-FERNANDA-ABREU-foto-Murilo-Alvesso-300x200.jpg\" alt=\"\" class=\"wp-image-726\" srcset=\"https:\/\/funfans.com.br\/wp-content\/uploads\/2024\/03\/TIM-MUSIC-NOITES-CARIOCAS-FERNANDA-ABREU-foto-Murilo-Alvesso-300x200.jpg 300w, https:\/\/funfans.com.br\/wp-content\/uploads\/2024\/03\/TIM-MUSIC-NOITES-CARIOCAS-FERNANDA-ABREU-foto-Murilo-Alvesso-1024x683.jpg 1024w, https:\/\/funfans.com.br\/wp-content\/uploads\/2024\/03\/TIM-MUSIC-NOITES-CARIOCAS-FERNANDA-ABREU-foto-Murilo-Alvesso-768x512.jpg 768w, https:\/\/funfans.com.br\/wp-content\/uploads\/2024\/03\/TIM-MUSIC-NOITES-CARIOCAS-FERNANDA-ABREU-foto-Murilo-Alvesso-1536x1024.jpg 1536w, https:\/\/funfans.com.br\/wp-content\/uploads\/2024\/03\/TIM-MUSIC-NOITES-CARIOCAS-FERNANDA-ABREU-foto-Murilo-Alvesso.jpg 1620w\" sizes=\"auto, (max-width: 300px) 100vw, 300px\" \/><\/figure>\n\n\n\n<figure class=\"wp-block-image size-medium\"><img loading=\"lazy\" decoding=\"async\" width=\"300\" height=\"225\" data-id=\"724\" src=\"https:\/\/funfans.com.br\/wp-content\/uploads\/2024\/03\/TIM-MUSIC-NOITES-CARIOCAS-GUILHERME-ARANTES-FOTO-DIVULGACAO-300x225.jpg\" alt=\"\" class=\"wp-image-724\" srcset=\"https:\/\/funfans.com.br\/wp-content\/uploads\/2024\/03\/TIM-MUSIC-NOITES-CARIOCAS-GUILHERME-ARANTES-FOTO-DIVULGACAO-300x225.jpg 300w, https:\/\/funfans.com.br\/wp-content\/uploads\/2024\/03\/TIM-MUSIC-NOITES-CARIOCAS-GUILHERME-ARANTES-FOTO-DIVULGACAO-1024x768.jpg 1024w, https:\/\/funfans.com.br\/wp-content\/uploads\/2024\/03\/TIM-MUSIC-NOITES-CARIOCAS-GUILHERME-ARANTES-FOTO-DIVULGACAO-768x576.jpg 768w, https:\/\/funfans.com.br\/wp-content\/uploads\/2024\/03\/TIM-MUSIC-NOITES-CARIOCAS-GUILHERME-ARANTES-FOTO-DIVULGACAO.jpg 1440w\" sizes=\"auto, (max-width: 300px) 100vw, 300px\" \/><\/figure>\n\n\n\n<figure class=\"wp-block-image size-medium\"><img loading=\"lazy\" decoding=\"async\" width=\"241\" height=\"300\" data-id=\"720\" src=\"https:\/\/funfans.com.br\/wp-content\/uploads\/2024\/03\/TIM-MUSIC-NOITES-CARIOCAS-L7NNON-2-FOTO-DIVULGACAO-241x300.jpg\" alt=\"\" class=\"wp-image-720\" srcset=\"https:\/\/funfans.com.br\/wp-content\/uploads\/2024\/03\/TIM-MUSIC-NOITES-CARIOCAS-L7NNON-2-FOTO-DIVULGACAO-241x300.jpg 241w, https:\/\/funfans.com.br\/wp-content\/uploads\/2024\/03\/TIM-MUSIC-NOITES-CARIOCAS-L7NNON-2-FOTO-DIVULGACAO-822x1024.jpg 822w, https:\/\/funfans.com.br\/wp-content\/uploads\/2024\/03\/TIM-MUSIC-NOITES-CARIOCAS-L7NNON-2-FOTO-DIVULGACAO-768x957.jpg 768w, https:\/\/funfans.com.br\/wp-content\/uploads\/2024\/03\/TIM-MUSIC-NOITES-CARIOCAS-L7NNON-2-FOTO-DIVULGACAO.jpg 867w\" sizes=\"auto, (max-width: 241px) 100vw, 241px\" \/><\/figure>\n\n\n\n<figure class=\"wp-block-image size-medium\"><img loading=\"lazy\" decoding=\"async\" width=\"225\" height=\"300\" data-id=\"721\" src=\"https:\/\/funfans.com.br\/wp-content\/uploads\/2024\/03\/TIM-MUSIC-NOITES-CARIOCAS-MARINA-LIMA-FOTO-DIVULGACAO-225x300.jpg\" alt=\"\" class=\"wp-image-721\" srcset=\"https:\/\/funfans.com.br\/wp-content\/uploads\/2024\/03\/TIM-MUSIC-NOITES-CARIOCAS-MARINA-LIMA-FOTO-DIVULGACAO-225x300.jpg 225w, https:\/\/funfans.com.br\/wp-content\/uploads\/2024\/03\/TIM-MUSIC-NOITES-CARIOCAS-MARINA-LIMA-FOTO-DIVULGACAO-768x1024.jpg 768w, https:\/\/funfans.com.br\/wp-content\/uploads\/2024\/03\/TIM-MUSIC-NOITES-CARIOCAS-MARINA-LIMA-FOTO-DIVULGACAO.jpg 810w\" sizes=\"auto, (max-width: 225px) 100vw, 225px\" \/><\/figure>\n\n\n\n<figure class=\"wp-block-image size-medium\"><img loading=\"lazy\" decoding=\"async\" width=\"200\" height=\"300\" data-id=\"722\" src=\"https:\/\/funfans.com.br\/wp-content\/uploads\/2024\/03\/TIM-MUSIC-NOITES-CARIOCAS-SEU-JORGE-FOTO-DIVULGACAO-200x300.jpg\" alt=\"\" class=\"wp-image-722\" srcset=\"https:\/\/funfans.com.br\/wp-content\/uploads\/2024\/03\/TIM-MUSIC-NOITES-CARIOCAS-SEU-JORGE-FOTO-DIVULGACAO-200x300.jpg 200w, https:\/\/funfans.com.br\/wp-content\/uploads\/2024\/03\/TIM-MUSIC-NOITES-CARIOCAS-SEU-JORGE-FOTO-DIVULGACAO-683x1024.jpg 683w, https:\/\/funfans.com.br\/wp-content\/uploads\/2024\/03\/TIM-MUSIC-NOITES-CARIOCAS-SEU-JORGE-FOTO-DIVULGACAO.jpg 720w\" sizes=\"auto, (max-width: 200px) 100vw, 200px\" \/><\/figure>\n\n\n\n<figure class=\"wp-block-image size-medium\"><img loading=\"lazy\" decoding=\"async\" width=\"300\" height=\"300\" data-id=\"723\" src=\"https:\/\/funfans.com.br\/wp-content\/uploads\/2024\/03\/TIM-MUSIC-NOITES-CARIOCAS-ZECA-PAGODINHO-FOTO-DIVULGACAO-300x300.jpg\" alt=\"\" class=\"wp-image-723\" srcset=\"https:\/\/funfans.com.br\/wp-content\/uploads\/2024\/03\/TIM-MUSIC-NOITES-CARIOCAS-ZECA-PAGODINHO-FOTO-DIVULGACAO-300x300.jpg 300w, https:\/\/funfans.com.br\/wp-content\/uploads\/2024\/03\/TIM-MUSIC-NOITES-CARIOCAS-ZECA-PAGODINHO-FOTO-DIVULGACAO-1024x1022.jpg 1024w, https:\/\/funfans.com.br\/wp-content\/uploads\/2024\/03\/TIM-MUSIC-NOITES-CARIOCAS-ZECA-PAGODINHO-FOTO-DIVULGACAO-150x150.jpg 150w, https:\/\/funfans.com.br\/wp-content\/uploads\/2024\/03\/TIM-MUSIC-NOITES-CARIOCAS-ZECA-PAGODINHO-FOTO-DIVULGACAO-768x767.jpg 768w, https:\/\/funfans.com.br\/wp-content\/uploads\/2024\/03\/TIM-MUSIC-NOITES-CARIOCAS-ZECA-PAGODINHO-FOTO-DIVULGACAO.jpg 1082w\" sizes=\"auto, (max-width: 300px) 100vw, 300px\" \/><\/figure>\n\n\n\n<figure class=\"wp-block-image size-medium\"><img loading=\"lazy\" decoding=\"async\" width=\"300\" height=\"168\" data-id=\"728\" src=\"https:\/\/funfans.com.br\/wp-content\/uploads\/2024\/03\/TIM-MUSIC-NOITES-CARIOCAS-RITCHIE-2-FOTO-Marcos-Trojan-300x168.jpg\" alt=\"\" class=\"wp-image-728\" srcset=\"https:\/\/funfans.com.br\/wp-content\/uploads\/2024\/03\/TIM-MUSIC-NOITES-CARIOCAS-RITCHIE-2-FOTO-Marcos-Trojan-300x168.jpg 300w, https:\/\/funfans.com.br\/wp-content\/uploads\/2024\/03\/TIM-MUSIC-NOITES-CARIOCAS-RITCHIE-2-FOTO-Marcos-Trojan-1024x572.jpg 1024w, https:\/\/funfans.com.br\/wp-content\/uploads\/2024\/03\/TIM-MUSIC-NOITES-CARIOCAS-RITCHIE-2-FOTO-Marcos-Trojan-768x429.jpg 768w, https:\/\/funfans.com.br\/wp-content\/uploads\/2024\/03\/TIM-MUSIC-NOITES-CARIOCAS-RITCHIE-2-FOTO-Marcos-Trojan-1536x858.jpg 1536w, https:\/\/funfans.com.br\/wp-content\/uploads\/2024\/03\/TIM-MUSIC-NOITES-CARIOCAS-RITCHIE-2-FOTO-Marcos-Trojan-800x445.jpg 800w, https:\/\/funfans.com.br\/wp-content\/uploads\/2024\/03\/TIM-MUSIC-NOITES-CARIOCAS-RITCHIE-2-FOTO-Marcos-Trojan.jpg 1920w\" sizes=\"auto, (max-width: 300px) 100vw, 300px\" \/><\/figure>\n<\/figure>\n\n\n\n<p><\/p>\n\n\n\n<p>TIM MUSIC NOITES CARIOCAS&nbsp;<\/p>\n\n\n\n<p>Local: Parque Bondinho P\u00e3o de A\u00e7\u00facar&nbsp;<\/p>\n\n\n\n<p>Endere\u00e7o: Av. Pasteur, 520 &#8211; Urca, Rio de Janeiro &#8211; RJ&nbsp;<\/p>\n\n\n\n<p>Site:&nbsp;<a href=\"http:\/\/www.timmusicnoitescariocas.com.br\/\" target=\"_blank\" rel=\"noreferrer noopener\">www.timmusicnoitescariocas.com.br<\/a><\/p>\n\n\n\n<p>Vendas: Ingressos a partir de R$ 180 (meia)&nbsp;<\/p>\n\n\n\n<p>Possui Acessibilidade&nbsp;<\/p>\n\n\n\n<p>Capacidade: 2100 Idade m\u00ednima: 18 anos&nbsp;<\/p>\n\n\n\n<p>Abertura do bondinho: \u00e0s 21h30&nbsp;<\/p>\n\n\n\n<p>Hor\u00e1rio dos shows: Dias com um show: \u00e0s 23h30 \/ Dias com 2 shows: 1\u00aa show \u00e0s 23h \/ 2\u00ba show \u00e0s 00h30&nbsp;<\/p>\n\n\n\n<p>LINE UP TIM MUSIC NOITES CARIOCAS 2024&nbsp;<\/p>\n\n\n\n<p>5 de abril &#8211; Sexta-feira \u2013Ritchie e Guilherme Arantes&nbsp;<\/p>\n\n\n\n<p>6 de abril \u2013 S\u00e1bado \u2013 L7nnon e Catha&nbsp;<\/p>\n\n\n\n<p>12 de abril \u2013 Sexta-feira \u2013 Blitz e Fernanda Abreu&nbsp;<\/p>\n\n\n\n<p>13 de abril \u2013 S\u00e1bado \u2013 Agnes Nunes e Marina Lima&nbsp;<\/p>\n\n\n\n<p>19 de abril- Sexta-feira \u2013 Zeca Pagodinho<\/p>\n\n\n\n<p>20 de abril \u2013 S\u00e1bado &#8211; Ana Carolina&nbsp;<\/p>\n\n\n\n<p>26 de abril \u2013 Sexta-feira \u2013 Bala Desejo &#8211;&nbsp;com o Bala Baile Show, com participa\u00e7\u00f5es especiais como Maria Gadu e Pretinho da Serrinha.<\/p>\n\n\n\n<p>27 de abril \u2013 S\u00e1bado \u2013 Seu Jorge<\/p>\n","protected":false},"excerpt":{"rendered":"<p>3\u00aa temporada do TIM Music Noites Cariocas\u00a0festival de m\u00fasica mais longevo do Pop Rock Nacional, de volta ao Parque Bondinho<\/p>\n","protected":false},"author":1,"featured_media":729,"comment_status":"closed","ping_status":"open","sticky":false,"template":"","format":"standard","meta":{"colormag_page_layout":"default_layout","ngg_post_thumbnail":0,"footnotes":""},"categories":[34,5,2,33],"tags":[],"class_list":["post-717","post","type-post","status-publish","format-standard","has-post-thumbnail","hentry","category-hot","category-novidades","category-shows","category-tv"],"magazineBlocksPostFeaturedMedia":{"thumbnail":"https:\/\/funfans.com.br\/wp-content\/uploads\/2024\/03\/tim-150x150.jpg","medium":"https:\/\/funfans.com.br\/wp-content\/uploads\/2024\/03\/tim-300x167.jpg","medium_large":"https:\/\/funfans.com.br\/wp-content\/uploads\/2024\/03\/tim-768x427.jpg","large":"https:\/\/funfans.com.br\/wp-content\/uploads\/2024\/03\/tim.jpg","1536x1536":"https:\/\/funfans.com.br\/wp-content\/uploads\/2024\/03\/tim.jpg","2048x2048":"https:\/\/funfans.com.br\/wp-content\/uploads\/2024\/03\/tim.jpg","colormag-highlighted-post":"https:\/\/funfans.com.br\/wp-content\/uploads\/2024\/03\/tim-392x272.jpg","colormag-featured-post-medium":"https:\/\/funfans.com.br\/wp-content\/uploads\/2024\/03\/tim-390x205.jpg","colormag-featured-post-small":"https:\/\/funfans.com.br\/wp-content\/uploads\/2024\/03\/tim-130x90.jpg","colormag-featured-image":"https:\/\/funfans.com.br\/wp-content\/uploads\/2024\/03\/tim-800x445.jpg","colormag-default-news":"https:\/\/funfans.com.br\/wp-content\/uploads\/2024\/03\/tim-150x150.jpg","colormag-featured-image-large":"https:\/\/funfans.com.br\/wp-content\/uploads\/2024\/03\/tim.jpg"},"magazineBlocksPostAuthor":{"name":"funfans","avatar":"https:\/\/secure.gravatar.com\/avatar\/710c48fad4d29733bc63b1f5542568aac6ee0ca14a13aea58f0f8207cdf94866?s=96&d=mm&r=g"},"magazineBlocksPostCommentsNumber":false,"magazineBlocksPostExcerpt":"3\u00aa temporada do TIM Music Noites Cariocas\u00a0festival de m\u00fasica mais longevo do Pop Rock Nacional, de volta ao Parque Bondinho","magazineBlocksPostCategories":["HOT","NOVIDADES","SHOWS","TV"],"magazineBlocksPostViewCount":194,"magazineBlocksPostReadTime":6,"magazine_blocks_featured_image_url":{"full":["https:\/\/funfans.com.br\/wp-content\/uploads\/2024\/03\/tim.jpg",900,500,false],"medium":["https:\/\/funfans.com.br\/wp-content\/uploads\/2024\/03\/tim-300x167.jpg",300,167,true],"thumbnail":["https:\/\/funfans.com.br\/wp-content\/uploads\/2024\/03\/tim-150x150.jpg",150,150,true]},"magazine_blocks_author":{"display_name":"funfans","author_link":"https:\/\/funfans.com.br\/index.php\/author\/funfans\/"},"magazine_blocks_comment":0,"magazine_blocks_author_image":"https:\/\/secure.gravatar.com\/avatar\/710c48fad4d29733bc63b1f5542568aac6ee0ca14a13aea58f0f8207cdf94866?s=96&d=mm&r=g","magazine_blocks_category":"<a href=\"https:\/\/funfans.com.br\/index.php\/category\/hot\/\" rel=\"category tag\">HOT<\/a> <a href=\"https:\/\/funfans.com.br\/index.php\/category\/novidades\/\" rel=\"category tag\">NOVIDADES<\/a> <a href=\"https:\/\/funfans.com.br\/index.php\/category\/shows\/\" rel=\"category tag\">SHOWS<\/a> <a href=\"https:\/\/funfans.com.br\/index.php\/category\/tv\/\" rel=\"category tag\">TV<\/a>","_links":{"self":[{"href":"https:\/\/funfans.com.br\/index.php\/wp-json\/wp\/v2\/posts\/717","targetHints":{"allow":["GET"]}}],"collection":[{"href":"https:\/\/funfans.com.br\/index.php\/wp-json\/wp\/v2\/posts"}],"about":[{"href":"https:\/\/funfans.com.br\/index.php\/wp-json\/wp\/v2\/types\/post"}],"author":[{"embeddable":true,"href":"https:\/\/funfans.com.br\/index.php\/wp-json\/wp\/v2\/users\/1"}],"replies":[{"embeddable":true,"href":"https:\/\/funfans.com.br\/index.php\/wp-json\/wp\/v2\/comments?post=717"}],"version-history":[{"count":2,"href":"https:\/\/funfans.com.br\/index.php\/wp-json\/wp\/v2\/posts\/717\/revisions"}],"predecessor-version":[{"id":732,"href":"https:\/\/funfans.com.br\/index.php\/wp-json\/wp\/v2\/posts\/717\/revisions\/732"}],"wp:featuredmedia":[{"embeddable":true,"href":"https:\/\/funfans.com.br\/index.php\/wp-json\/wp\/v2\/media\/729"}],"wp:attachment":[{"href":"https:\/\/funfans.com.br\/index.php\/wp-json\/wp\/v2\/media?parent=717"}],"wp:term":[{"taxonomy":"category","embeddable":true,"href":"https:\/\/funfans.com.br\/index.php\/wp-json\/wp\/v2\/categories?post=717"},{"taxonomy":"post_tag","embeddable":true,"href":"https:\/\/funfans.com.br\/index.php\/wp-json\/wp\/v2\/tags?post=717"}],"curies":[{"name":"wp","href":"https:\/\/api.w.org\/{rel}","templated":true}]}}