{"id":4271,"date":"2026-09-01T20:05:23","date_gmt":"2026-09-01T23:05:23","guid":{"rendered":"https:\/\/funfans.com.br\/index.php\/2026\/09\/01\/cicero-celebra-15-anos-de-cancoes-de-apartamento-em-apresentacao-unica-no-teatro\/"},"modified":"2026-09-01T20:05:23","modified_gmt":"2026-09-01T23:05:23","slug":"cicero-celebra-15-anos-de-cancoes-de-apartamento-em-apresentacao-unica-no-teatro","status":"publish","type":"post","link":"https:\/\/funfans.com.br\/index.php\/2026\/09\/01\/cicero-celebra-15-anos-de-cancoes-de-apartamento-em-apresentacao-unica-no-teatro\/","title":{"rendered":"C\u00edcero celebra 15 anos de &#8216;Can\u00e7\u00f5es de Apartamento&#8217; em apresenta\u00e7\u00e3o \u00fanica no Teatro Riachuelo Rio"},"content":{"rendered":"<p>Cantor e compositor revisita, na \u00edntegra e com os arranjos originais, \u00e1lbum que se tornou um cl\u00e1ssico contempor\u00e2neo da m\u00fasica brasileira<\/p>\n<p>O cantor e compositor C\u00edcero chega ao Teatro Riachuelo Rio, no dia 9 de setembro, para uma apresenta\u00e7\u00e3o \u00fanica de &#8220;Can\u00e7\u00f5es de Apartamento 15 anos&#8221;, em celebra\u00e7\u00e3o ao \u00e1lbum que marcou sua trajet\u00f3ria e conquistou uma gera\u00e7\u00e3o de ouvintes. Na ocasi\u00e3o, o artista revisita o disco na \u00edntegra, preservando os arranjos originais, em um show que tamb\u00e9m costura diferentes momentos de sua carreira.<\/p>\n<p>Lan\u00e7ado originalmente a partir de uma produ\u00e7\u00e3o \u00edntima e independente, Can\u00e7\u00f5es de Apartamento nasceu no quarto de um apartamento no Rio de Janeiro e, ao longo dos anos, ganhou novos p\u00fablicos e se transformou em uma refer\u00eancia da m\u00fasica brasileira contempor\u00e2nea. No repert\u00f3rio da apresenta\u00e7\u00e3o est\u00e3o faixas que se tornaram marcantes, como &#8220;Tempo de Pipa&#8221;, &#8220;Vagalumes Cegos&#8221; e &#8220;A\u00e7\u00facar ou Ado\u00e7ante&#8221;.<\/p>\n<p>Al\u00e9m da execu\u00e7\u00e3o integral do \u00e1lbum, o show estabelece di\u00e1logos com momentos posteriores da carreira de C\u00edcero, criando um retrato afetivo de sua trajet\u00f3ria art\u00edstica. A apresenta\u00e7\u00e3o prop\u00f5e, assim, uma viagem pelo universo criado pelo m\u00fasico h\u00e1 15 anos, revisitando can\u00e7\u00f5es que atravessaram diferentes momentos e permanecem presentes na mem\u00f3ria de seus ouvintes.<\/p>\n<p>Mais do que um show comemorativo, &#8220;Can\u00e7\u00f5es de Apartamento 15 anos&#8221; celebra a trajet\u00f3ria de um trabalho que nasceu de maneira \u00edntima e se expandiu para al\u00e9m daquele apartamento, tornando-se um retrato de uma \u00e9poca e um cl\u00e1ssico contempor\u00e2neo.<\/p>\n<p>A apresenta\u00e7\u00e3o de C\u00edcero faz parte de uma temporada de shows no Teatro Riachuelo Rio. A programa\u00e7\u00e3o conta ainda com Bee Gees Alive (02\/09), S\u00edlvia P\u00e9rez Cruz (08\/09) e Teresa Cristina (23\/09), passando por MPB, samba, indie e m\u00fasica internacional. A diversidade da programa\u00e7\u00e3o permite ao p\u00fablico acompanhar diferentes propostas musicais em um espa\u00e7o com lugares marcados, estrutura confort\u00e1vel e proximidade com o palco.<\/p>\n<p>O pr\u00e9dio, tombado como patrim\u00f4nio hist\u00f3rico-cultural, \u00e9 imponente e se destaca na Rua do Passeio, n\u00famero 40, reunindo passado, presente e futuro em um s\u00f3 lugar. O \u00edcone da belle \u00e9poque brasileira ficou com as portas fechadas por dois anos at\u00e9 2016, quando foi devolvido \u00e0 popula\u00e7\u00e3o como Teatro Riachuelo Rio, sempre com uma programa\u00e7\u00e3o plural e acess\u00edvel. Desde ent\u00e3o, foram realizadas diversas pe\u00e7as, musicais, concertos e shows.<\/p>\n<p>Com uma \u00e1rea de aproximadamente 3.500 m\u00b2, o teatro oferece uma estrutura completa para seus frequentadores, incluindo foyer, salas de ensaio, escrit\u00f3rios, camarins, \u00e1rea externa e uma grande sala com plateia para 999 pessoas. Mais do que um espa\u00e7o f\u00edsico, o teatro representa um compromisso com a cultura e a comunidade.<\/p>\n","protected":false},"excerpt":{"rendered":"<p>Cantor e compositor revisita, na \u00edntegra e com os arranjos originais, \u00e1lbum que se tornou um cl\u00e1ssico contempor\u00e2neo da m\u00fasica brasileira<\/p>\n","protected":false},"author":1,"featured_media":4270,"comment_status":"","ping_status":"open","sticky":false,"template":"","format":"standard","meta":{"colormag_page_container_layout":"default_layout","colormag_page_sidebar_layout":"default_layout","ngg_post_thumbnail":0,"footnotes":""},"categories":[4],"tags":[173,77,177],"class_list":["post-4271","post","type-post","status-publish","format-standard","has-post-thumbnail","hentry","category-emcartaz","tag-funfans","tag-show","tag-teatro"],"_links":{"self":[{"href":"https:\/\/funfans.com.br\/index.php\/wp-json\/wp\/v2\/posts\/4271","targetHints":{"allow":["GET"]}}],"collection":[{"href":"https:\/\/funfans.com.br\/index.php\/wp-json\/wp\/v2\/posts"}],"about":[{"href":"https:\/\/funfans.com.br\/index.php\/wp-json\/wp\/v2\/types\/post"}],"author":[{"embeddable":true,"href":"https:\/\/funfans.com.br\/index.php\/wp-json\/wp\/v2\/users\/1"}],"replies":[{"embeddable":true,"href":"https:\/\/funfans.com.br\/index.php\/wp-json\/wp\/v2\/comments?post=4271"}],"version-history":[{"count":0,"href":"https:\/\/funfans.com.br\/index.php\/wp-json\/wp\/v2\/posts\/4271\/revisions"}],"wp:featuredmedia":[{"embeddable":true,"href":"https:\/\/funfans.com.br\/index.php\/wp-json\/wp\/v2\/media\/4270"}],"wp:attachment":[{"href":"https:\/\/funfans.com.br\/index.php\/wp-json\/wp\/v2\/media?parent=4271"}],"wp:term":[{"taxonomy":"category","embeddable":true,"href":"https:\/\/funfans.com.br\/index.php\/wp-json\/wp\/v2\/categories?post=4271"},{"taxonomy":"post_tag","embeddable":true,"href":"https:\/\/funfans.com.br\/index.php\/wp-json\/wp\/v2\/tags?post=4271"}],"curies":[{"name":"wp","href":"https:\/\/api.w.org\/{rel}","templated":true}]}}