{"id":4265,"date":"2026-08-31T20:05:40","date_gmt":"2026-08-31T23:05:40","guid":{"rendered":"https:\/\/funfans.com.br\/index.php\/2026\/08\/31\/lagum-encerra-agosto-com-lancamento-inedito-em-vinil-do-primeiro-album\/"},"modified":"2026-08-31T20:05:40","modified_gmt":"2026-08-31T23:05:40","slug":"lagum-encerra-agosto-com-lancamento-inedito-em-vinil-do-primeiro-album","status":"publish","type":"post","link":"https:\/\/funfans.com.br\/index.php\/2026\/08\/31\/lagum-encerra-agosto-com-lancamento-inedito-em-vinil-do-primeiro-album\/","title":{"rendered":"Lagum encerra agosto com lan\u00e7amento in\u00e9dito em vinil do primeiro \u00e1lbum"},"content":{"rendered":"<p>Em comemora\u00e7\u00e3o aos 10 anos de \u201cSeja o que eu quiser\u201d, primeiro \u00e1lbum da Lagum, Pedro Calais, Zani, Jorge e Chic\u00e3o prepararam um presente especial para os f\u00e3s que acompanham a banda desde o in\u00edcio. Para encerrar os planos de agosto de 2026, o disco que marcou o come\u00e7o dessa hist\u00f3ria ganha, pela primeira vez, uma edi\u00e7\u00e3o limitada e numerada em vinil, com lan\u00e7amento marcado para esta segunda-feira (31), \u00e0s 12h. A edi\u00e7\u00e3o especial transforma o disco em um item exclusivo para colecionadores e f\u00e3s da banda. Cada exemplar vir\u00e1 acompanhado de cart\u00f5es assinados pelos integrantes, refor\u00e7ando o car\u00e1ter comemorativo do lan\u00e7amento e aproximando ainda mais os f\u00e3s de um dos primeiros cap\u00edtulos da hist\u00f3ria do grupo. \u201cLan\u00e7amos esse \u00e1lbum em maio de 2016, de uma forma muito caseira e sem saber exatamente o que ia acontecer. Naquela \u00e9poca, a gente n\u00e3o via aquela capa como uma esp\u00e9cie de c\u00e1psula do tempo. S\u00f3 agora, em 2026, consigo olhar para aquele momento e perceber isso. Eu poderia ter sido qualquer outra coisa, poderia estar trabalhando como publicit\u00e1rio, sei l\u00e1. Mas continuo aqui, fazendo m\u00fasica, e isso d\u00e1 um significado ainda maior para esse lan\u00e7amento&#8221;<\/p>\n","protected":false},"excerpt":{"rendered":"<p>Em comemora\u00e7\u00e3o aos 10 anos de \u201cSeja o que eu quiser\u201d, primeiro \u00e1lbum da Lagum, Pedro Calais, Zani, Jorge e Chic\u00e3o prepararam um presente especial para os f\u00e3s qu<\/p>\n","protected":false},"author":1,"featured_media":4264,"comment_status":"","ping_status":"open","sticky":false,"template":"","format":"standard","meta":{"colormag_page_container_layout":"default_layout","colormag_page_sidebar_layout":"default_layout","ngg_post_thumbnail":0,"footnotes":""},"categories":[2,33],"tags":[180,173],"class_list":["post-4265","post","type-post","status-publish","format-standard","has-post-thumbnail","hentry","category-shows","category-tv","tag-destaque","tag-funfans"],"_links":{"self":[{"href":"https:\/\/funfans.com.br\/index.php\/wp-json\/wp\/v2\/posts\/4265","targetHints":{"allow":["GET"]}}],"collection":[{"href":"https:\/\/funfans.com.br\/index.php\/wp-json\/wp\/v2\/posts"}],"about":[{"href":"https:\/\/funfans.com.br\/index.php\/wp-json\/wp\/v2\/types\/post"}],"author":[{"embeddable":true,"href":"https:\/\/funfans.com.br\/index.php\/wp-json\/wp\/v2\/users\/1"}],"replies":[{"embeddable":true,"href":"https:\/\/funfans.com.br\/index.php\/wp-json\/wp\/v2\/comments?post=4265"}],"version-history":[{"count":0,"href":"https:\/\/funfans.com.br\/index.php\/wp-json\/wp\/v2\/posts\/4265\/revisions"}],"wp:featuredmedia":[{"embeddable":true,"href":"https:\/\/funfans.com.br\/index.php\/wp-json\/wp\/v2\/media\/4264"}],"wp:attachment":[{"href":"https:\/\/funfans.com.br\/index.php\/wp-json\/wp\/v2\/media?parent=4265"}],"wp:term":[{"taxonomy":"category","embeddable":true,"href":"https:\/\/funfans.com.br\/index.php\/wp-json\/wp\/v2\/categories?post=4265"},{"taxonomy":"post_tag","embeddable":true,"href":"https:\/\/funfans.com.br\/index.php\/wp-json\/wp\/v2\/tags?post=4265"}],"curies":[{"name":"wp","href":"https:\/\/api.w.org\/{rel}","templated":true}]}}