{"id":2552,"date":"2026-07-15T22:00:00","date_gmt":"2026-07-16T01:00:00","guid":{"rendered":"https:\/\/funfans.com.br\/?p=2552"},"modified":"2026-07-20T16:33:13","modified_gmt":"2026-07-20T19:33:13","slug":"aviso-de-pautacredenciamento-2107-claudia-raia-e-jarbas-homem-de-mello-em-turne","status":"publish","type":"post","link":"https:\/\/funfans.com.br\/index.php\/2026\/07\/15\/aviso-de-pautacredenciamento-2107-claudia-raia-e-jarbas-homem-de-mello-em-turne\/","title":{"rendered":"Claudia Raia e Jarbas Homem de Mello, em turn\u00ea nacional com o musical &#8216;Tarsila, a brasileira&#8217;"},"content":{"rendered":"\n<p class=\"wp-block-paragraph\">MUSICAL COM CLAUDIA RAIA SOBRE A VIDA E A OBRA DA MAIOR PINTORA BRASILEIRA INICIAR\u00c1 TURN\u00ca EM SETE CIDADES<\/p>\n\n\n\n<p class=\"wp-block-paragraph\">Espet\u00e1culo 100% nacional far\u00e1 quatro apresenta\u00e7\u00f5es no Theatro Municipal do Rio<\/p>\n\n\n\n<p class=\"wp-block-paragraph\">de Janeiro, nos dias 1 e 2 de agosto<\/p>\n\n\n\n<p class=\"wp-block-paragraph\">Com texto e letras de Anna Toledo e Jos\u00e9 Possi Neto, que tamb\u00e9m assina a encena\u00e7\u00e3o e a<br>dire\u00e7\u00e3o de arte, a montagem tem Claudia Raia como protagonista e produtora, ao lado de<\/p>\n\n\n\n<p class=\"wp-block-paragraph\">Jarbas Homem de Mello, que interpreta Oswald de Andrade.<\/p>\n\n\n\n<p class=\"wp-block-paragraph\">A hist\u00f3ria de uma das maiores artistas do pa\u00eds ganha os palcos de sete cidades<br>brasileiras no segundo semestre com Tarsila, a Brasileira, musical protagonizado e<br>produzido por Claudia Raia. Inspirado na vida e na obra de Tarsila do Amaral, o<br>espet\u00e1culo celebra a trajet\u00f3ria da pintora que ajudou a construir uma nova<br>identidade para a arte brasileira e projetou sua criatividade para o mundo.<br>A montagem, com texto e letras de Anna Toledo e Jos\u00e9 Possi Neto, que tamb\u00e9m<br>assina a encena\u00e7\u00e3o e dire\u00e7\u00e3o de arte, e a dire\u00e7\u00e3o musical de Guilherme Terra, traz<br>ainda Jarbas Homem de Mello, no papel de Oswald de Andrade. O espet\u00e1culo far\u00e1<br>quatro apresenta\u00e7\u00f5es no Theatro Municipal do Rio de Janeiro, nos dias 1 e 2 de<br>agosto, \u00e0s 14h e \u00e0s 19h.<br>\u201cArte e cultura s\u00e3o fundamentais porque carregam nossa hist\u00f3ria, contam mais<br>sobre n\u00f3s, sobre nossa identidade coletiva\u201d, diz Claudia Raia. \u201cTarsila do Amaral \u00e9 a<br>cara do Brasil. Em sua obra, ela revela nosso potencial de cria\u00e7\u00e3o, renova\u00e7\u00e3o e<br>como \u00e9 importante olhar para o que veio antes, ainda que seja para se alimentar<br>disso e mostrar algo novo\u201d.<br>Os ingressos j\u00e1 est\u00e3o \u00e0 venda pelo site fever up.com e pela bilheteria oficial do<br>pr\u00f3prio Theatro Municipal. \u201cTarsila, a Brasileira\u201d \u00e9 apresentado pelo Minist\u00e9rio da<br>Cultura e Brasilprev, patroc\u00ednio da B3 &#8211; Bolsa de Valores, apoio de Besins e<br>Rennova, Transportadora oficial Gol e parceria Giovanna Baby. A realiza\u00e7\u00e3o \u00e9<br>da Raia Produ\u00e7\u00f5es.<br>\u201cA trajet\u00f3ria de Tarsila do Amaral segue despertando admira\u00e7\u00e3o e inspirando novas<br>gera\u00e7\u00f5es. Para a Brasilprev, apoiar este espet\u00e1culo \u00e9 uma maneira de valorizar<br>esse legado e aproximar sua obra e sua hist\u00f3ria de p\u00fablicos de diferentes idades e<br>regi\u00f5es\u201d, afirma Camilo Buzzi, diretor Comercial e de Marketing da Brasilprev.<br>Em um verdadeiro passeio pelo in\u00edcio dos anos 1900, o p\u00fablico ter\u00e1 contato com<br>\u00edcones, como Anita Malfatti (Keila Bueno), M\u00e1rio de Andrade (Renato Caetano) e<br>Menotti Del Picchia (Ivan Parente), que, com Tarsila do Amaral e Oswald de<br>Andrade, formaram o quinteto de modernistas que mudaram a hist\u00f3ria da arte<br>brasileira.<br>Al\u00e9m deles, completam o elenco de 21 atores-cantores: Liane Maya, Caru Truzzi,<br>Matheus Paiva, Renato Bellini, Danilo Barbieri, Fernanda Salla, Dion Seabra,<br>Marcos Lanza, Marilice Cosenza, Alvinho de P\u00e1dua, Karine Bonif\u00e1cio, Larissa<br>Grajauskas, Est\u00eav\u00e3o Souz, Maysa Mundim, Fernanda Godoy e Guilherme Pereira.<br>Na equipe criativa de Tarsila &#8211; a Brasileira tamb\u00e9m est\u00e3o Tony Lucchesi e<br>Guilherme Terra (M\u00fasica), Alonso Barros (Coreografia e Dire\u00e7\u00e3o de Movimento),<br>Renato Theobaldo (Cen\u00e1rio), Wagner Freire (Desenho de Luz), Tocko<br>Michelazzo (Desenho de som), F\u00e1bio Namatame (Figurino) e Dicko Lorenzo<br>(Visagismo).<br>Sinopse<br>A hist\u00f3ria come\u00e7a com a chegada de Tarsila a S\u00e3o Paulo, em 1922, vinda da Escola<br>de Artes de Paris, e seu encontro com os modernistas, que daria origem ao famoso<br>Grupo dos Cinco (Tarsila, Anita Malfatti, Oswald de Andrade, M\u00e1rio de Andrade e<br>Menotti del Picchia) e seria o in\u00edcio de um t\u00f3rrido romance entre ela e Oswald. A<br>a\u00e7\u00e3o ent\u00e3o passa pela efervesc\u00eancia e excessos dos modernistas, a vida entre S\u00e3o<br>Paulo e Paris, o atribulado e concorrido atelier de Tarsila em Paris, frequentado pela<\/p>\n\n\n\n<p class=\"wp-block-paragraph\">nata art\u00edstica da \u00e9poca (Pablo Picasso, Igor Stravinsky, Eric Satie, Jean Cocteau,<br>entre outros), o \u201credescobrimento do Brasil\u201d e as revolu\u00e7\u00f5es est\u00e9ticas que<br>culminaram no movimento Antropof\u00e1gico e na cria\u00e7\u00e3o do Abaporu, ponto m\u00e1ximo<br>da colabora\u00e7\u00e3o art\u00edstica entre Tarsila e Oswald.<br>A segunda parte da hist\u00f3ria come\u00e7a justamente com a Crise de 1929, quando<br>Tarsila perde toda a sua fortuna e descobre a trai\u00e7\u00e3o de Oswald com Pagu, jovem<br>protegida do casal. Separada de Oswald e destitu\u00edda de suas fazendas, Tarsila viaja<br>para Moscou e d\u00e1 in\u00edcio a sua fase de pinturas \u201csociais\u201d, retratando os<br>trabalhadores brasileiros. Tarsila \u00e9 presa pela pol\u00edcia de Get\u00falio Vargas, suspeita<br>por atividades \u201crevolucion\u00e1rias\u201d pelo simples fato de ter ido \u00e0 R\u00fassia. Acolhida e<br>amparada pelos amigos, Tarsila ent\u00e3o conhece seu \u00faltimo amor, o jornalista carioca<br>Luis Martins, 24 anos mais jovem do que ela, com quem viveria por dezoito anos.<br>Ap\u00f3s a morte da sua filha e sua neta, da separa\u00e7\u00e3o de Lu\u00eds, e da morte de M\u00e1rio,<br>Anita e Oswald, Tarsila reflete sobre suas perdas e encontra consolo na<br>espiritualidade \u2013 mais especificamente, na doutrina esp\u00edrita de Chico Xavier. Numa<br>epifania, Tarsila revela sua vis\u00e3o e renova sua convic\u00e7\u00e3o na Arte como<br>possibilidade de transcend\u00eancia e de encontro com as pessoas que amou e as<br>pessoas que compartilharam do mesmo sonho, que se funde com a Retrospectiva<br>da Semana de Arte Moderna, cem anos depois, numa grande consagra\u00e7\u00e3o da<br>Cultura brasileira.<\/p>\n\n\n\n<p class=\"wp-block-paragraph\">EQUIPE CRIATIVA COMPLETA<br>Texto e Letras<br>Anna Toledo e Jos\u00e9 Possi Neto<br>Encena\u00e7\u00e3o e Dire\u00e7\u00e3o de Arte<br>Jos\u00e9 Possi Neto<br>M\u00fasicas e Arranjos<br>Guilherme Terra<br>M\u00fasicas<br>Tony Lucchesi<br>Dire\u00e7\u00e3o Musical<br>Guilherme Terra<\/p>\n\n\n\n<p class=\"wp-block-paragraph\">Coreografia e Dire\u00e7\u00e3o de Movimento<\/p>\n\n\n\n<p class=\"wp-block-paragraph\">Alonso Barros<br>Cen\u00e1rio<br>Renato Theobaldo<br>Cenografia Digital<br>Gabriel Dietrich<br>Figurino<br>F\u00e1bio Namatame<br>Visagismo<br>Dicko Lorenzo<br>Design de Som<br>Tocko Michelazzo<br>Design de Luz<br>Wagner Freire<br>Dire\u00e7\u00e3o de Produ\u00e7\u00e3o: Bia Izar<br>Realiza\u00e7\u00e3o: Raia Produ\u00e7\u00f5es<\/p>\n\n\n\n<p class=\"wp-block-paragraph\">Sobre a Brasilprev<br>Com 32 anos de atua\u00e7\u00e3o, a Brasilprev Seguros e Previd\u00eancia S.A tem como<br>acionistas a BB Seguros, bra\u00e7o de seguros, capitaliza\u00e7\u00e3o e previd\u00eancia privada do<\/p>\n\n\n\n<p class=\"wp-block-paragraph\">Banco do Brasil, e a Principal Financial Group, uma das principais institui\u00e7\u00f5es<br>financeiras dos Estados Unidos. L\u00edder do setor, a companhia conta com mais de R$<br>471,6 bilh\u00f5es em ativos sob gest\u00e3o e uma carteira de 2,5 milh\u00f5es de clientes.<br>Especialista no neg\u00f3cio de previd\u00eancia privada, com produtos acess\u00edveis e servi\u00e7os<br>diferenciados, a Brasilprev conta com a rede de ag\u00eancias do Banco do Brasil como<br>seu principal canal de distribui\u00e7\u00e3o.<\/p>\n\n\n\n<p class=\"wp-block-paragraph\">SERVI\u00c7O<br>Tarsila, A Brasileira<br>Local: Theatro Municipal do Rio de Janeiro, Pra\u00e7a Floriano, S\/N \u2013 Centro, Rio de<br>Janeiro \u2013 RJ<br>Datas: 01 e 02 de agosto<br>Hor\u00e1rios: S\u00e1bado e Domingo, \u00e0s 14h e \u00e0s 19h<br>Capacidade: 2.222 lugares<br>Classifica\u00e7\u00e3o: 10 anos<br>Dura\u00e7\u00e3o: 150 minutos<br>Ingressos (valores da inteira)<br>Plateia Vip: R$ 350,00<br>Frisas: R$ 300,00<br>Balc\u00e3o Nobre \/ Camarotes: R$ 250,00<br>Balc\u00e3o Superior: R$ 180,00<br>Galeria: R$ 100,00<br>Galeria Popular: R$ 50,00<br>Obs.: Confira legisla\u00e7\u00e3o vigente para meia-entrada<\/p>\n\n\n\n<p class=\"wp-block-paragraph\">CANAIS DE VENDAS OFICIAIS<br>Site de vendas &#8211; com taxa de servi\u00e7o<br>site fever up.com.<br>Bilheteria f\u00edsica \u2013 sem taxa de conveni\u00eancia<br>A bilheteria do Theatro Municipal do Rio de Janeiro funciona de segunda a sexta-<br>feira, das 10h \u00e0s 18h. Em dias de espet\u00e1culo, o atendimento estende-se at\u00e9 o in\u00edcio<br>da apresenta\u00e7\u00e3o.<br>DESCONTOS<br>Cliente Brasilprev tem 30% de desconto: Desconto n\u00e3o cumulativo com outros<br>descontos, como meia-entrada, e limitado a 4 ingressos por CPF do comprador.<br>Importante: Caso encontre dificuldades em obter o desconto, entre em contato com<br>a Central de Relacionamento Brasilprev, dispon\u00edvel de segunda a sexta-feira, das 8h<br>\u00e0s 20h (exceto feriados).<br>Capitais e regi\u00f5es metropolitanas: 4004-7170<br>Demais localidades: 0800 729 7170.<\/p>\n\n\n\n<p class=\"wp-block-paragraph\">REGRAS PARA A MEIA-ENTRADA<br>50% de desconto para Idoso (com idade igual ou superior a 60 anos): Conforme<br>a Lei Federal n\u00ba 10.741\/03 e o Decreto n\u00ba 8.537\/15, mediante apresenta\u00e7\u00e3o de<br>documento de identidade oficial com foto.<\/p>\n\n\n\n<p class=\"wp-block-paragraph\">50% de desconto para Estudantes: Os estudantes ter\u00e3o direito ao benef\u00edcio da<br>meia-entrada mediante a apresenta\u00e7\u00e3o da CIE no momento da aquisi\u00e7\u00e3o do<br>ingresso e na portaria ou na entrada do local de realiza\u00e7\u00e3o do evento. Podendo ser<br>restrito por entidades estaduais e municipais, Diret\u00f3rios Centrais dos Estudantes,<br>Centros e Diret\u00f3rios Acad\u00eamicos, mesmo que estas entidades n\u00e3o sejam filiadas a<br>ANPG, UNE e Ubes.<br>50% de desconto para Menores de 21 anos: Lei Estadual n\u00b0 3.364\/00 &#8211;<br>apresenta\u00e7\u00e3o obrigat\u00f3ria da Carteira de identidade ou documento com foto v\u00e1lida.<br>50% de desconto para Pessoas com Defici\u00eancia e acompanhante quando<br>necess\u00e1rio: Conforme a Lei Geral da Meia-Entrada (Decreto n\u00ba 8.537\/15, que<br>regulamenta a Lei 12.933\/13), mediante apresenta\u00e7\u00e3o do cart\u00e3o de Benef\u00edcio de<br>Presta\u00e7\u00e3o Continuada da Assist\u00eancia Social da Pessoa com Defici\u00eancia ou de<br>documento emitido pelo Instituto Nacional do Seguro Social &#8211; INSS que ateste a<br>aposentadoria de acordo com os crit\u00e9rios estabelecidos na Lei Complementar n\u00ba<br>142, de 8 de maio de 2013. No momento de apresenta\u00e7\u00e3o, esses documentos<br>dever\u00e3o estar acompanhados de documento de identidade oficial com foto.<br>50% de desconto para jovens pertencentes a fam\u00edlias de baixa renda com<br>idades entre 15 e 29 anos) mediante apresenta\u00e7\u00e3o da Carteira de Identidade<br>Jovem que ser\u00e1 emitida pela Secretaria Nacional de Juventude a partir de 31 de<br>mar\u00e7o de 2016, acompanhada de documento de identidade oficial com foto.<br>50% de desconto para professores e profissionais da rede p\u00fablica municipal<br>de ensino do estado do Rio de Janeiro: Leis Municipais n\u00b0 3.424\/02 e 5.844\/15 &#8211;<br>obrigat\u00f3ria apresenta\u00e7\u00e3o da Carteira funcional emitida pela Secretaria Municipal de<br>Educa\u00e7\u00e3o do estado do Rio de Janeiro.<br>50% de desconto para agentes de seguran\u00e7a p\u00fablica ativos, aposentados e da<br>reserva: Lei Municipal n\u00ba 9.321, de 1\u00ba de abril de 2026, que garante o desconto,<br>mediante apresenta\u00e7\u00e3o de carteira funcional com foto.<br>Acessibilidade<br>O teatro conta com acessibilidade para pessoas com necessidades especiais<br>Site do projeto<br>https:\/\/www.tarsilaomusical.com.br\/<\/p>\n","protected":false},"excerpt":{"rendered":"<p>No dia 21 de julho, Claudia Raia e Jarbas Homem de Mello participar\u00e3o da cerim\u00f4nia de toque da campainha da B3, em um encontro que celebra a for\u00e7a da cultura e <\/p>\n","protected":false},"author":1,"featured_media":2551,"comment_status":"closed","ping_status":"open","sticky":false,"template":"","format":"standard","meta":{"colormag_page_container_layout":"default_layout","colormag_page_sidebar_layout":"default_layout","ngg_post_thumbnail":0,"footnotes":""},"categories":[2],"tags":[180,173],"class_list":["post-2552","post","type-post","status-publish","format-standard","has-post-thumbnail","hentry","category-shows","tag-destaque","tag-funfans"],"_links":{"self":[{"href":"https:\/\/funfans.com.br\/index.php\/wp-json\/wp\/v2\/posts\/2552","targetHints":{"allow":["GET"]}}],"collection":[{"href":"https:\/\/funfans.com.br\/index.php\/wp-json\/wp\/v2\/posts"}],"about":[{"href":"https:\/\/funfans.com.br\/index.php\/wp-json\/wp\/v2\/types\/post"}],"author":[{"embeddable":true,"href":"https:\/\/funfans.com.br\/index.php\/wp-json\/wp\/v2\/users\/1"}],"replies":[{"embeddable":true,"href":"https:\/\/funfans.com.br\/index.php\/wp-json\/wp\/v2\/comments?post=2552"}],"version-history":[{"count":3,"href":"https:\/\/funfans.com.br\/index.php\/wp-json\/wp\/v2\/posts\/2552\/revisions"}],"predecessor-version":[{"id":2950,"href":"https:\/\/funfans.com.br\/index.php\/wp-json\/wp\/v2\/posts\/2552\/revisions\/2950"}],"wp:featuredmedia":[{"embeddable":true,"href":"https:\/\/funfans.com.br\/index.php\/wp-json\/wp\/v2\/media\/2551"}],"wp:attachment":[{"href":"https:\/\/funfans.com.br\/index.php\/wp-json\/wp\/v2\/media?parent=2552"}],"wp:term":[{"taxonomy":"category","embeddable":true,"href":"https:\/\/funfans.com.br\/index.php\/wp-json\/wp\/v2\/categories?post=2552"},{"taxonomy":"post_tag","embeddable":true,"href":"https:\/\/funfans.com.br\/index.php\/wp-json\/wp\/v2\/tags?post=2552"}],"curies":[{"name":"wp","href":"https:\/\/api.w.org\/{rel}","templated":true}]}}