{"id":1875,"date":"2025-08-02T09:47:01","date_gmt":"2025-08-02T12:47:01","guid":{"rendered":"https:\/\/funfans.com.br\/?p=1875"},"modified":"2025-08-29T09:47:58","modified_gmt":"2025-08-29T12:47:58","slug":"mondial-de-la-biere-2025-4-dias-de-musica-cerveja-artesanal-e-diversao-no-rio-de-janeiro","status":"publish","type":"post","link":"https:\/\/funfans.com.br\/index.php\/2025\/08\/02\/mondial-de-la-biere-2025-4-dias-de-musica-cerveja-artesanal-e-diversao-no-rio-de-janeiro\/","title":{"rendered":"Mondial de la Bi\u00e8re 2025: 4 dias de m\u00fasica, cerveja artesanal e divers\u00e3o no Rio de Janeiro"},"content":{"rendered":"\n<p>O <strong>Mondial de la Bi\u00e8re Brasil 2025<\/strong> j\u00e1 tem data marcada: de <strong>11 a 14 de setembro<\/strong>, o <strong>Pier Mau\u00e1, no Rio de Janeiro<\/strong>, ser\u00e1 palco da 12\u00aa edi\u00e7\u00e3o de um dos maiores festivais de cerveja artesanal do mundo. O evento promete reunir mais de <strong>50 mil apaixonados por m\u00fasica, cultura e cerveja<\/strong>, oferecendo uma experi\u00eancia \u00fanica que vai muito al\u00e9m da degusta\u00e7\u00e3o: s\u00e3o mais de <strong>1.500 r\u00f3tulos dispon\u00edveis<\/strong>, ativa\u00e7\u00f5es sensoriais, gastronomia variada, \u00e1rea kids e uma agenda musical intensa com tr\u00eas palcos simult\u00e2neos.<\/p>\n\n\n\n<p>Durante quatro dias, o p\u00fablico poder\u00e1 explorar mais de <strong>250 cervejarias nacionais e internacionais<\/strong>, experimentar lan\u00e7amentos exclusivos e aproveitar a vibe carioca em um dos cart\u00f5es-postais mais deslumbrantes da cidade: a Zona Portu\u00e1ria, com vista para a Ba\u00eda de Guanabara. E como j\u00e1 \u00e9 tradi\u00e7\u00e3o, o line-up musical vai garantir a trilha sonora perfeita para cada brinde.<\/p>\n\n\n\n<hr class=\"wp-block-separator has-alpha-channel-opacity\"\/>\n\n\n\n<h2 class=\"wp-block-heading\">\ud83c\udfa4 Quinta-feira \u2013 11 de setembro<\/h2>\n\n\n\n<p>A abertura do festival traz energia total com <strong>Baia<\/strong>, <strong>Charlie Brown Jr. com DZ6<\/strong>, o animado <strong>Samba Que Elas Querem<\/strong>, al\u00e9m de <strong>Tchopu \u2013 Tributo ao Pearl Jam<\/strong> e <strong>Postmix<\/strong>. Os DJs <strong>Rapha Lima<\/strong> e <strong>Rafa M<\/strong> completam a noite, que marca o in\u00edcio oficial da celebra\u00e7\u00e3o cervejeira no Pier Mau\u00e1.<\/p>\n\n\n\n<hr class=\"wp-block-separator has-alpha-channel-opacity\"\/>\n\n\n\n<h2 class=\"wp-block-heading\">\ud83c\udfb6 Sexta-feira \u2013 12 de setembro<\/h2>\n\n\n\n<p>Na sexta, a mistura \u00e9 de estilos e ritmos. O destaque fica para <strong>Toni Garrido<\/strong>, que sobe ao palco trazendo sua energia contagiante. O <strong>Baile do Saddam<\/strong> promete transformar a noite em pista de dan\u00e7a, enquanto <strong>Casa de Marimbondo<\/strong>, <strong>Supernova<\/strong> e <strong>Eu Convidado<\/strong> acrescentam diversidade sonora. Nos intervalos, os DJs <strong>S\u00f3 Lyma<\/strong>, <strong>Ise<\/strong> e <strong>Rafa M<\/strong> garantem que ningu\u00e9m fique parado.<\/p>\n\n\n\n<hr class=\"wp-block-separator has-alpha-channel-opacity\"\/>\n\n\n\n<h2 class=\"wp-block-heading\">\ud83c\udfb8 S\u00e1bado \u2013 13 de setembro<\/h2>\n\n\n\n<p>O s\u00e1bado \u00e9 o dia mais ecl\u00e9tico, combinando rock, samba e tributos. Entre as atra\u00e7\u00f5es est\u00e3o <strong>Rodrigo Santos<\/strong> (ex-Bar\u00e3o Vermelho), o vibrante <strong>Samba de Santa Clara<\/strong> e o emocionante <strong>Dave Matthews Band Cover<\/strong>. A programa\u00e7\u00e3o ainda conta com <strong>Gabi Pasche<\/strong>, <strong>Maggy<\/strong>, <strong>Samba do Rafinha<\/strong>, <strong>Big Knows<\/strong> e <strong>The Bad Cops<\/strong>. Os DJs <strong>Soulcodare<\/strong>, <strong>Nepal<\/strong>, <strong>Yasmin Vilhena<\/strong> e <strong>Rafa M<\/strong> garantem que o ritmo n\u00e3o pare em nenhum momento.<\/p>\n\n\n\n<hr class=\"wp-block-separator has-alpha-channel-opacity\"\/>\n\n\n\n<h2 class=\"wp-block-heading\">\ud83c\udfb5 Domingo \u2013 14 de setembro<\/h2>\n\n\n\n<p>O \u00faltimo dia \u00e9 pura celebra\u00e7\u00e3o e fecha o Mondial de la Bi\u00e8re em grande estilo. O samba domina o clima com <strong>Moacyr Luz &amp; Samba do Trabalhador<\/strong>, <strong>Pagode da Beta<\/strong> e <strong>Samba do Xoxo<\/strong>, enquanto o rock ganha espa\u00e7o com o tributo <strong>Mais do Mesmo \u2013 Legi\u00e3o Urbana<\/strong> e novamente o <strong>Dave Matthews Band Cover<\/strong>. Tamb\u00e9m se apresentam <strong>SIBC<\/strong> e os DJs <strong>Nicole Nandes<\/strong>, <strong>Tamenpi<\/strong>, <strong>Tulio<\/strong> e <strong>Rafa M<\/strong>.<\/p>\n\n\n\n<hr class=\"wp-block-separator has-alpha-channel-opacity\"\/>\n\n\n\n<h2 class=\"wp-block-heading\">\ud83c\udf1f Uma experi\u00eancia completa<\/h2>\n\n\n\n<p>O <strong>Mondial de la Bi\u00e8re 2025<\/strong> n\u00e3o \u00e9 apenas um festival de cerveja: \u00e9 um encontro cultural que re\u00fane amantes da m\u00fasica, da gastronomia e da boa companhia. A cada edi\u00e7\u00e3o, o evento refor\u00e7a sua import\u00e2ncia como vitrine para a cena cervejeira nacional e internacional, al\u00e9m de ser uma oportunidade \u00fanica de viver o <strong>clima carioca<\/strong> em um dos pontos mais charmosos do Rio.<\/p>\n\n\n\n<p>Com quatro dias de shows inesquec\u00edveis, centenas de r\u00f3tulos de cerveja artesanal e experi\u00eancias para todos os gostos, o Mondial de la Bi\u00e8re j\u00e1 se consolida como o festival que <strong>transforma setembro no m\u00eas do brinde e da m\u00fasica no Rio de Janeiro<\/strong>.<\/p>\n","protected":false},"excerpt":{"rendered":"<p>O Mondial de la Bi\u00e8re Brasil 2025 j\u00e1 tem data marcada: de 11 a 14 de setembro, o Pier Mau\u00e1,<\/p>\n","protected":false},"author":1,"featured_media":1876,"comment_status":"closed","ping_status":"open","sticky":false,"template":"","format":"standard","meta":{"colormag_page_layout":"default_layout","ngg_post_thumbnail":0,"footnotes":""},"categories":[3,34,33],"tags":[],"class_list":["post-1875","post","type-post","status-publish","format-standard","has-post-thumbnail","hentry","category-festas","category-hot","category-tv"],"magazineBlocksPostFeaturedMedia":{"thumbnail":"https:\/\/funfans.com.br\/wp-content\/uploads\/2025\/08\/mondial-150x150.jpg","medium":"https:\/\/funfans.com.br\/wp-content\/uploads\/2025\/08\/mondial-300x150.jpg","medium_large":"https:\/\/funfans.com.br\/wp-content\/uploads\/2025\/08\/mondial-768x384.jpg","large":"https:\/\/funfans.com.br\/wp-content\/uploads\/2025\/08\/mondial-1024x512.jpg","1536x1536":"https:\/\/funfans.com.br\/wp-content\/uploads\/2025\/08\/mondial.jpg","2048x2048":"https:\/\/funfans.com.br\/wp-content\/uploads\/2025\/08\/mondial.jpg","colormag-highlighted-post":"https:\/\/funfans.com.br\/wp-content\/uploads\/2025\/08\/mondial-392x272.jpg","colormag-featured-post-medium":"https:\/\/funfans.com.br\/wp-content\/uploads\/2025\/08\/mondial-390x205.jpg","colormag-featured-post-small":"https:\/\/funfans.com.br\/wp-content\/uploads\/2025\/08\/mondial-130x90.jpg","colormag-featured-image":"https:\/\/funfans.com.br\/wp-content\/uploads\/2025\/08\/mondial-800x445.jpg","colormag-default-news":"https:\/\/funfans.com.br\/wp-content\/uploads\/2025\/08\/mondial-150x150.jpg","colormag-featured-image-large":"https:\/\/funfans.com.br\/wp-content\/uploads\/2025\/08\/mondial.jpg"},"magazineBlocksPostAuthor":{"name":"funfans","avatar":"https:\/\/secure.gravatar.com\/avatar\/710c48fad4d29733bc63b1f5542568aac6ee0ca14a13aea58f0f8207cdf94866?s=96&d=mm&r=g"},"magazineBlocksPostCommentsNumber":false,"magazineBlocksPostExcerpt":"O Mondial de la Bi\u00e8re Brasil 2025 j\u00e1 tem data marcada: de 11 a 14 de setembro, o Pier Mau\u00e1,","magazineBlocksPostCategories":["FESTAS","HOT","TV"],"magazineBlocksPostViewCount":7592,"magazineBlocksPostReadTime":3,"magazine_blocks_featured_image_url":{"full":["https:\/\/funfans.com.br\/wp-content\/uploads\/2025\/08\/mondial.jpg",1056,528,false],"medium":["https:\/\/funfans.com.br\/wp-content\/uploads\/2025\/08\/mondial-300x150.jpg",300,150,true],"thumbnail":["https:\/\/funfans.com.br\/wp-content\/uploads\/2025\/08\/mondial-150x150.jpg",150,150,true]},"magazine_blocks_author":{"display_name":"funfans","author_link":"https:\/\/funfans.com.br\/index.php\/author\/funfans\/"},"magazine_blocks_comment":0,"magazine_blocks_author_image":"https:\/\/secure.gravatar.com\/avatar\/710c48fad4d29733bc63b1f5542568aac6ee0ca14a13aea58f0f8207cdf94866?s=96&d=mm&r=g","magazine_blocks_category":"<a href=\"https:\/\/funfans.com.br\/index.php\/category\/festas\/\" rel=\"category tag\">FESTAS<\/a> <a href=\"https:\/\/funfans.com.br\/index.php\/category\/hot\/\" rel=\"category tag\">HOT<\/a> <a href=\"https:\/\/funfans.com.br\/index.php\/category\/tv\/\" rel=\"category tag\">TV<\/a>","_links":{"self":[{"href":"https:\/\/funfans.com.br\/index.php\/wp-json\/wp\/v2\/posts\/1875","targetHints":{"allow":["GET"]}}],"collection":[{"href":"https:\/\/funfans.com.br\/index.php\/wp-json\/wp\/v2\/posts"}],"about":[{"href":"https:\/\/funfans.com.br\/index.php\/wp-json\/wp\/v2\/types\/post"}],"author":[{"embeddable":true,"href":"https:\/\/funfans.com.br\/index.php\/wp-json\/wp\/v2\/users\/1"}],"replies":[{"embeddable":true,"href":"https:\/\/funfans.com.br\/index.php\/wp-json\/wp\/v2\/comments?post=1875"}],"version-history":[{"count":1,"href":"https:\/\/funfans.com.br\/index.php\/wp-json\/wp\/v2\/posts\/1875\/revisions"}],"predecessor-version":[{"id":1877,"href":"https:\/\/funfans.com.br\/index.php\/wp-json\/wp\/v2\/posts\/1875\/revisions\/1877"}],"wp:featuredmedia":[{"embeddable":true,"href":"https:\/\/funfans.com.br\/index.php\/wp-json\/wp\/v2\/media\/1876"}],"wp:attachment":[{"href":"https:\/\/funfans.com.br\/index.php\/wp-json\/wp\/v2\/media?parent=1875"}],"wp:term":[{"taxonomy":"category","embeddable":true,"href":"https:\/\/funfans.com.br\/index.php\/wp-json\/wp\/v2\/categories?post=1875"},{"taxonomy":"post_tag","embeddable":true,"href":"https:\/\/funfans.com.br\/index.php\/wp-json\/wp\/v2\/tags?post=1875"}],"curies":[{"name":"wp","href":"https:\/\/api.w.org\/{rel}","templated":true}]}}