{"id":1655,"date":"2024-07-23T18:07:13","date_gmt":"2024-07-23T21:07:13","guid":{"rendered":"https:\/\/funfans.com.br\/?p=1655"},"modified":"2024-07-30T18:11:50","modified_gmt":"2024-07-30T21:11:50","slug":"com-show-marcado-no-brasil-shawn-mendes-mostra-primeiros-detalhes-de-novo-album","status":"publish","type":"post","link":"https:\/\/funfans.com.br\/index.php\/2024\/07\/23\/com-show-marcado-no-brasil-shawn-mendes-mostra-primeiros-detalhes-de-novo-album\/","title":{"rendered":"Com show marcado no Brasil, Shawn Mendes mostra primeiros detalhes de novo \u00e1lbum"},"content":{"rendered":"\n<p>O cantor canadense Shawn Mendes, 25, usou suas redes sociais nesta ter\u00e7a-feira (23) para dar um gostinho da sua nova era musical! Depois de um tempo afastado da m\u00fasica desde 2022 e com o \u00faltimo \u00e1lbum, \u201cWonder\u201d, lan\u00e7ado em 2020, ele est\u00e1 de volta ao est\u00fadio para seu quinto \u00e1lbum de est\u00fadio e promete vir com tudo! Al\u00e9m disso, j\u00e1 est\u00e1 com show marcado no Brasil em setembro! \ud83c\udfa4\ud83c\udde7\ud83c\uddf7<\/p>\n\n\n\n<p>&#8220;Dia 1\u00ba na sede do clube. Esta foi minha primeira vez de volta ao est\u00fadio fazendo um \u00e1lbum em quatro anos&#8221;, compartilhou Shawn Mendes, deixando os f\u00e3s ainda mais ansiosos.<\/p>\n\n\n\n<p>No v\u00eddeo publicado, Shawn mostra o in\u00edcio da produ\u00e7\u00e3o do novo disco, que come\u00e7ou no dia 30 de janeiro deste ano em Nova York. Ao lado de produtores, ele apresenta algumas melodias que devem compor o novo projeto, muitas delas criadas com acordes de viol\u00e3o, do jeito que a gente ama! \ud83c\udfb8\ud83c\udfb6<\/p>\n\n\n\n<p>A \u00faltima m\u00fasica que Shawn lan\u00e7ou foi \u201cWhen You\u2019re Gone\u201d, em 2022. Ele tamb\u00e9m fez parte da trilha sonora do filme \u201cLilo, Lilo, Crocodilo\u201d no mesmo ano. Agora, com o quinto \u00e1lbum a caminho, a expectativa s\u00f3 aumenta!<\/p>\n\n\n\n<p>E para quem est\u00e1 contando os dias, Shawn Mendes ser\u00e1 um dos headliners do festival Rock in Rio, que rola nos dias 13, 14, 15, 19, 20, 21 e 22 de setembro deste ano. O cantor vai fechar o festival em grande estilo no dia 22, junto com outros astros como Mariah Carey, Ne-Yo e Akon. Vai ser inesquec\u00edvel! \ud83c\udf1f\ud83c\udf89<\/p>\n","protected":false},"excerpt":{"rendered":"<p>O cantor canadense Shawn Mendes, 25, usou suas redes sociais nesta ter\u00e7a-feira (23) para dar um gostinho da sua nova<\/p>\n","protected":false},"author":1,"featured_media":1656,"comment_status":"closed","ping_status":"open","sticky":false,"template":"","format":"standard","meta":{"colormag_page_layout":"default_layout","ngg_post_thumbnail":0,"footnotes":""},"categories":[5,7,2],"tags":[],"class_list":["post-1655","post","type-post","status-publish","format-standard","has-post-thumbnail","hentry","category-novidades","category-rir","category-shows"],"magazineBlocksPostFeaturedMedia":{"thumbnail":"https:\/\/funfans.com.br\/wp-content\/uploads\/2024\/07\/170984288065ea21c05bbd1_1709842880_3x2_rt1-1-150x150.jpg","medium":"https:\/\/funfans.com.br\/wp-content\/uploads\/2024\/07\/170984288065ea21c05bbd1_1709842880_3x2_rt1-1-300x200.jpg","medium_large":"https:\/\/funfans.com.br\/wp-content\/uploads\/2024\/07\/170984288065ea21c05bbd1_1709842880_3x2_rt1-1-768x512.jpg","large":"https:\/\/funfans.com.br\/wp-content\/uploads\/2024\/07\/170984288065ea21c05bbd1_1709842880_3x2_rt1-1-1024x683.jpg","1536x1536":"https:\/\/funfans.com.br\/wp-content\/uploads\/2024\/07\/170984288065ea21c05bbd1_1709842880_3x2_rt1-1-1536x1024.jpg","2048x2048":"https:\/\/funfans.com.br\/wp-content\/uploads\/2024\/07\/170984288065ea21c05bbd1_1709842880_3x2_rt1-1-2048x1365.jpg","colormag-highlighted-post":"https:\/\/funfans.com.br\/wp-content\/uploads\/2024\/07\/170984288065ea21c05bbd1_1709842880_3x2_rt1-1-392x272.jpg","colormag-featured-post-medium":"https:\/\/funfans.com.br\/wp-content\/uploads\/2024\/07\/170984288065ea21c05bbd1_1709842880_3x2_rt1-1-390x205.jpg","colormag-featured-post-small":"https:\/\/funfans.com.br\/wp-content\/uploads\/2024\/07\/170984288065ea21c05bbd1_1709842880_3x2_rt1-1-130x90.jpg","colormag-featured-image":"https:\/\/funfans.com.br\/wp-content\/uploads\/2024\/07\/170984288065ea21c05bbd1_1709842880_3x2_rt1-1-800x445.jpg","colormag-default-news":"https:\/\/funfans.com.br\/wp-content\/uploads\/2024\/07\/170984288065ea21c05bbd1_1709842880_3x2_rt1-1-150x150.jpg","colormag-featured-image-large":"https:\/\/funfans.com.br\/wp-content\/uploads\/2024\/07\/170984288065ea21c05bbd1_1709842880_3x2_rt1-1-1400x600.jpg"},"magazineBlocksPostAuthor":{"name":"funfans","avatar":"https:\/\/secure.gravatar.com\/avatar\/710c48fad4d29733bc63b1f5542568aac6ee0ca14a13aea58f0f8207cdf94866?s=96&d=mm&r=g"},"magazineBlocksPostCommentsNumber":false,"magazineBlocksPostExcerpt":"O cantor canadense Shawn Mendes, 25, usou suas redes sociais nesta ter\u00e7a-feira (23) para dar um gostinho da sua nova","magazineBlocksPostCategories":["NOVIDADES","ROCK IN RIO","SHOWS"],"magazineBlocksPostViewCount":183,"magazineBlocksPostReadTime":2,"magazine_blocks_featured_image_url":{"full":["https:\/\/funfans.com.br\/wp-content\/uploads\/2024\/07\/170984288065ea21c05bbd1_1709842880_3x2_rt1-1.jpg",2400,1600,false],"medium":["https:\/\/funfans.com.br\/wp-content\/uploads\/2024\/07\/170984288065ea21c05bbd1_1709842880_3x2_rt1-1-300x200.jpg",300,200,true],"thumbnail":["https:\/\/funfans.com.br\/wp-content\/uploads\/2024\/07\/170984288065ea21c05bbd1_1709842880_3x2_rt1-1-150x150.jpg",150,150,true]},"magazine_blocks_author":{"display_name":"funfans","author_link":"https:\/\/funfans.com.br\/index.php\/author\/funfans\/"},"magazine_blocks_comment":0,"magazine_blocks_author_image":"https:\/\/secure.gravatar.com\/avatar\/710c48fad4d29733bc63b1f5542568aac6ee0ca14a13aea58f0f8207cdf94866?s=96&d=mm&r=g","magazine_blocks_category":"<a href=\"https:\/\/funfans.com.br\/index.php\/category\/novidades\/\" rel=\"category tag\">NOVIDADES<\/a> <a href=\"https:\/\/funfans.com.br\/index.php\/category\/rir\/\" rel=\"category tag\">ROCK IN RIO<\/a> <a href=\"https:\/\/funfans.com.br\/index.php\/category\/shows\/\" rel=\"category tag\">SHOWS<\/a>","_links":{"self":[{"href":"https:\/\/funfans.com.br\/index.php\/wp-json\/wp\/v2\/posts\/1655","targetHints":{"allow":["GET"]}}],"collection":[{"href":"https:\/\/funfans.com.br\/index.php\/wp-json\/wp\/v2\/posts"}],"about":[{"href":"https:\/\/funfans.com.br\/index.php\/wp-json\/wp\/v2\/types\/post"}],"author":[{"embeddable":true,"href":"https:\/\/funfans.com.br\/index.php\/wp-json\/wp\/v2\/users\/1"}],"replies":[{"embeddable":true,"href":"https:\/\/funfans.com.br\/index.php\/wp-json\/wp\/v2\/comments?post=1655"}],"version-history":[{"count":1,"href":"https:\/\/funfans.com.br\/index.php\/wp-json\/wp\/v2\/posts\/1655\/revisions"}],"predecessor-version":[{"id":1657,"href":"https:\/\/funfans.com.br\/index.php\/wp-json\/wp\/v2\/posts\/1655\/revisions\/1657"}],"wp:featuredmedia":[{"embeddable":true,"href":"https:\/\/funfans.com.br\/index.php\/wp-json\/wp\/v2\/media\/1656"}],"wp:attachment":[{"href":"https:\/\/funfans.com.br\/index.php\/wp-json\/wp\/v2\/media?parent=1655"}],"wp:term":[{"taxonomy":"category","embeddable":true,"href":"https:\/\/funfans.com.br\/index.php\/wp-json\/wp\/v2\/categories?post=1655"},{"taxonomy":"post_tag","embeddable":true,"href":"https:\/\/funfans.com.br\/index.php\/wp-json\/wp\/v2\/tags?post=1655"}],"curies":[{"name":"wp","href":"https:\/\/api.w.org\/{rel}","templated":true}]}}