{"id":1652,"date":"2024-07-28T13:27:35","date_gmt":"2024-07-28T16:27:35","guid":{"rendered":"https:\/\/funfans.com.br\/?p=1652"},"modified":"2024-07-30T13:29:50","modified_gmt":"2024-07-30T16:29:50","slug":"the-fevers-do-vinil-ao-digital","status":"publish","type":"post","link":"https:\/\/funfans.com.br\/index.php\/2024\/07\/28\/the-fevers-do-vinil-ao-digital\/","title":{"rendered":"THE FEVERS &#8211; Do Vinil ao Digital"},"content":{"rendered":"\n<p>A banda, que comemora 59 anos de carreira, promete fazer todo mundo cantar, dan\u00e7ar e festejar a boa m\u00fasica com sua nove turn\u00ea \u201cDo Vinil ao Digital\u201d. E desta vez o show vai ser no Recife, dia 03 de agosto (s\u00e1bado), no Teatro Riomar.<\/p>\n\n\n\n<p>The Fevers surgiram em 1965 quando o baixista Liebert fundou com seus amigos Pedrinho da Luz, Almir Bezerra, Cleudir Borges e L\u00e9cio Nascimento, o conjunto The Fenders. Os integrantes mudaram de nome porque Fender era marca de guitarra. Ent\u00e3o, o guitarrista Pedrinho lembrou-se de uma m\u00fasica de Elvis Presley chamada Fever, assim os integrantes mudaram o nome do conjunto para The Fevers.<\/p>\n\n\n\n<p>\u201cA mudan\u00e7a do vinil para o CD come\u00e7ou de forma gradual, depois acelerou direto\u201d, diz o atual vocalista Luiz Claudio. \u201cEntre 1995 e 2000 lan\u00e7\u00e1vamos nossos trabalhos nas duas m\u00eddias\u201d<\/p>\n\n\n\n<p>E os reis do baile garantem muitos sucessos com Liebert (baixo), Luiz Claudio (vocal), Rama (guitarra e viol\u00e3o), Ot\u00e1vio Henrique (bateria) e Claudio Mendes (teclados e vocal) comandando a festa. Hits como as m\u00fasicas \u201cMar de rosas\u201d e \u201cVem me ajudar\u201d est\u00e3o em todos os shows<\/p>\n\n\n\n<p>Para a banda os shows inesquec\u00edveis aconteceram no Maracan\u00e3zinho, com participa\u00e7\u00e3o de Tim Maia, quando The Fevers completaram 20 anos. Outro show que marcou foi na Quinta da Boa Vista, tamb\u00e9m no Rio de Janeiro. Uma experi\u00eancia importante foi a grava\u00e7\u00e3o, em Recife, do DVD do grupo em 2005. The Fevers tamb\u00e9m marcou presen\u00e7a em v\u00eddeo no DVD de 50 anos da Jovem Guarda, que aconteceu em S\u00e3o Paulo ao lado de Erasmo Carlos, Golden Boys e Wanderl\u00e9a, que se tornou uma turn\u00ea de quase um ano.<\/p>\n\n\n\n<p>O trabalho mais recente do grupo, o \u00e1lbum \u201cVem dan\u00e7ar 2\u201d contou com \u00f3tima grava\u00e7\u00e3o e repert\u00f3rio selecionado.<\/p>\n\n\n\n<p>Atualmente, a banda conta com mais de cem mil inscritos em seu canal do YouTube.<\/p>\n\n\n\n<p>SERVI\u00c7O:<\/p>\n\n\n\n<p>Local: Teatro RioMar Recife &#8211; Recife\/PE<\/p>\n\n\n\n<p>Dia: 03 de Agosto de 2024<\/p>\n\n\n\n<p>Horario: 21:00<\/p>\n\n\n\n<p>Ingressos a partir de R$ 80,00 em at\u00e9 1x<\/p>\n\n\n\n<p>LINK DE VENDAS:<\/p>\n\n\n\n<p><a href=\"https:\/\/uhuu.com\/evento\/pe\/recife\/the-fevers-do-vinil-ao-digital-13282\">https:\/\/uhuu.com\/evento\/pe\/recife\/the-fevers-do-vinil-ao-digital-13282<\/a><\/p>\n","protected":false},"excerpt":{"rendered":"<p>A banda, que comemora 59 anos de carreira, promete fazer todo mundo cantar, dan\u00e7ar e festejar a boa m\u00fasica com<\/p>\n","protected":false},"author":1,"featured_media":1653,"comment_status":"closed","ping_status":"open","sticky":false,"template":"","format":"standard","meta":{"colormag_page_layout":"default_layout","ngg_post_thumbnail":0,"footnotes":""},"categories":[5],"tags":[],"class_list":["post-1652","post","type-post","status-publish","format-standard","has-post-thumbnail","hentry","category-novidades"],"magazineBlocksPostFeaturedMedia":{"thumbnail":"https:\/\/funfans.com.br\/wp-content\/uploads\/2024\/07\/the-fevers1-150x150.jpg","medium":"https:\/\/funfans.com.br\/wp-content\/uploads\/2024\/07\/the-fevers1-300x217.jpg","medium_large":"https:\/\/funfans.com.br\/wp-content\/uploads\/2024\/07\/the-fevers1-768x556.jpg","large":"https:\/\/funfans.com.br\/wp-content\/uploads\/2024\/07\/the-fevers1-1024x742.jpg","1536x1536":"https:\/\/funfans.com.br\/wp-content\/uploads\/2024\/07\/the-fevers1.jpg","2048x2048":"https:\/\/funfans.com.br\/wp-content\/uploads\/2024\/07\/the-fevers1.jpg","colormag-highlighted-post":"https:\/\/funfans.com.br\/wp-content\/uploads\/2024\/07\/the-fevers1-392x272.jpg","colormag-featured-post-medium":"https:\/\/funfans.com.br\/wp-content\/uploads\/2024\/07\/the-fevers1-390x205.jpg","colormag-featured-post-small":"https:\/\/funfans.com.br\/wp-content\/uploads\/2024\/07\/the-fevers1-130x90.jpg","colormag-featured-image":"https:\/\/funfans.com.br\/wp-content\/uploads\/2024\/07\/the-fevers1-800x445.jpg","colormag-default-news":"https:\/\/funfans.com.br\/wp-content\/uploads\/2024\/07\/the-fevers1-150x150.jpg","colormag-featured-image-large":"https:\/\/funfans.com.br\/wp-content\/uploads\/2024\/07\/the-fevers1-1200x600.jpg"},"magazineBlocksPostAuthor":{"name":"funfans","avatar":"https:\/\/secure.gravatar.com\/avatar\/710c48fad4d29733bc63b1f5542568aac6ee0ca14a13aea58f0f8207cdf94866?s=96&d=mm&r=g"},"magazineBlocksPostCommentsNumber":false,"magazineBlocksPostExcerpt":"A banda, que comemora 59 anos de carreira, promete fazer todo mundo cantar, dan\u00e7ar e festejar a boa m\u00fasica com","magazineBlocksPostCategories":["NOVIDADES"],"magazineBlocksPostViewCount":176,"magazineBlocksPostReadTime":2,"magazine_blocks_featured_image_url":{"full":["https:\/\/funfans.com.br\/wp-content\/uploads\/2024\/07\/the-fevers1.jpg",1200,869,false],"medium":["https:\/\/funfans.com.br\/wp-content\/uploads\/2024\/07\/the-fevers1-300x217.jpg",300,217,true],"thumbnail":["https:\/\/funfans.com.br\/wp-content\/uploads\/2024\/07\/the-fevers1-150x150.jpg",150,150,true]},"magazine_blocks_author":{"display_name":"funfans","author_link":"https:\/\/funfans.com.br\/index.php\/author\/funfans\/"},"magazine_blocks_comment":0,"magazine_blocks_author_image":"https:\/\/secure.gravatar.com\/avatar\/710c48fad4d29733bc63b1f5542568aac6ee0ca14a13aea58f0f8207cdf94866?s=96&d=mm&r=g","magazine_blocks_category":"<a href=\"https:\/\/funfans.com.br\/index.php\/category\/novidades\/\" rel=\"category tag\">NOVIDADES<\/a>","_links":{"self":[{"href":"https:\/\/funfans.com.br\/index.php\/wp-json\/wp\/v2\/posts\/1652","targetHints":{"allow":["GET"]}}],"collection":[{"href":"https:\/\/funfans.com.br\/index.php\/wp-json\/wp\/v2\/posts"}],"about":[{"href":"https:\/\/funfans.com.br\/index.php\/wp-json\/wp\/v2\/types\/post"}],"author":[{"embeddable":true,"href":"https:\/\/funfans.com.br\/index.php\/wp-json\/wp\/v2\/users\/1"}],"replies":[{"embeddable":true,"href":"https:\/\/funfans.com.br\/index.php\/wp-json\/wp\/v2\/comments?post=1652"}],"version-history":[{"count":1,"href":"https:\/\/funfans.com.br\/index.php\/wp-json\/wp\/v2\/posts\/1652\/revisions"}],"predecessor-version":[{"id":1654,"href":"https:\/\/funfans.com.br\/index.php\/wp-json\/wp\/v2\/posts\/1652\/revisions\/1654"}],"wp:featuredmedia":[{"embeddable":true,"href":"https:\/\/funfans.com.br\/index.php\/wp-json\/wp\/v2\/media\/1653"}],"wp:attachment":[{"href":"https:\/\/funfans.com.br\/index.php\/wp-json\/wp\/v2\/media?parent=1652"}],"wp:term":[{"taxonomy":"category","embeddable":true,"href":"https:\/\/funfans.com.br\/index.php\/wp-json\/wp\/v2\/categories?post=1652"},{"taxonomy":"post_tag","embeddable":true,"href":"https:\/\/funfans.com.br\/index.php\/wp-json\/wp\/v2\/tags?post=1652"}],"curies":[{"name":"wp","href":"https:\/\/api.w.org\/{rel}","templated":true}]}}