{"id":1630,"date":"2024-07-30T11:48:10","date_gmt":"2024-07-30T14:48:10","guid":{"rendered":"https:\/\/funfans.com.br\/?p=1630"},"modified":"2024-07-30T11:48:10","modified_gmt":"2024-07-30T14:48:10","slug":"espetaculo-nirvana-in-concert-estreia-no-teatro-brigitte-blair-em-copacabana","status":"publish","type":"post","link":"https:\/\/funfans.com.br\/index.php\/2024\/07\/30\/espetaculo-nirvana-in-concert-estreia-no-teatro-brigitte-blair-em-copacabana\/","title":{"rendered":"Espet\u00e1culo \u201cNirvana in Concert\u201d estreia no Teatro Brigitte Blair, em Copacabana"},"content":{"rendered":"\n<p><em>Projeto da Academia de M\u00fasica Ferreira promove inclus\u00e3o em tributo \u00e0 ic\u00f4nica banda de rock nos 30 anos sem o seu vocalista, Kurt Cobain<\/em><\/p>\n\n\n\n<figure class=\"wp-block-image alignleft size-large is-resized\"><img loading=\"lazy\" decoding=\"async\" width=\"1024\" height=\"965\" src=\"https:\/\/funfans.com.br\/wp-content\/uploads\/2024\/07\/Tributo-Nirvana-in-Concert-1024x965.jpg\" alt=\"\" class=\"wp-image-1631\" style=\"width:466px;height:auto\" srcset=\"https:\/\/funfans.com.br\/wp-content\/uploads\/2024\/07\/Tributo-Nirvana-in-Concert-1024x965.jpg 1024w, https:\/\/funfans.com.br\/wp-content\/uploads\/2024\/07\/Tributo-Nirvana-in-Concert-300x283.jpg 300w, https:\/\/funfans.com.br\/wp-content\/uploads\/2024\/07\/Tributo-Nirvana-in-Concert-768x724.jpg 768w, https:\/\/funfans.com.br\/wp-content\/uploads\/2024\/07\/Tributo-Nirvana-in-Concert-1536x1448.jpg 1536w, https:\/\/funfans.com.br\/wp-content\/uploads\/2024\/07\/Tributo-Nirvana-in-Concert.jpg 1800w\" sizes=\"auto, (max-width: 1024px) 100vw, 1024px\" \/><\/figure>\n\n\n\n<p>M\u00fasica para divertir, inspirar e transformar vidas. Esse \u00e9 o prop\u00f3sito do projeto \u201cNirvana in Concert\u201d, que estreia no dia 03 de agosto, s\u00e1bado, \u00e0s 20h30, no teatro Brigitte Blair, em Copacabana. Realizado pelo Bubinga Studios em parceria com a renomada Academia de M\u00fasica Ferreira, o espet\u00e1culo promove inclus\u00e3o social por meio da arte revisitando a obra da ic\u00f4nica banda de rock norte-americana no ano que marca os 30 anos sem o seu l\u00edder, o vocalista Kurt Cobain.<\/p>\n\n\n\n<p>A iniciativa nasceu em 2023, quando o maestro Lucas Ferreira firmou uma parceria com a produtora Ana Fogtman e o engenheiro de som e produtor musical Erik Fogtman para o espet\u00e1culo do Recital de Inverno da Orquestra Escola, realizado na Sala Municipal Baden Powell. Dessa colabora\u00e7\u00e3o surgiu um trio din\u00e2mico que, em novembro do ano passado, iniciou os trabalhos para a concretiza\u00e7\u00e3o do tributo. O show conta com a participa\u00e7\u00e3o de 18 m\u00fasicos, entre a banda de rock do Bubinga Studios e a orquestra de cordas da Academia de M\u00fasica Ferreira. Integrantes de diferentes idades, origens, realidades, incluindo tamb\u00e9m jovens com autismo e TDAH, para celebrar a diversidade.<\/p>\n\n\n\n<p>&#8211; Acreditamos que a m\u00fasica \u00e9 para todos. Celebramos a diversidade e valorizamos as experi\u00eancias, perspectivas e talentos que cada pessoa traz consigo. Nosso compromisso \u00e9 garantir que todo mundo se sinta respeitado e bem-vindo, independentemente de ra\u00e7a, etnia, religi\u00e3o, caracter\u00edsticas f\u00edsicas ou g\u00eanero \u2013 ressalta a produtora executiva Ana Fogtman.<\/p>\n\n\n\n<p><strong>Revisita a um \u00edcone dos anos 90<\/strong><\/p>\n\n\n\n<p>A reuni\u00e3o da banda com a orquestra traz para o teatro o rock dos anos 90 em uma experi\u00eancia inovadora, exaltando a atemporalidade e o poder transformador da m\u00fasica. O repert\u00f3rio \u00e9 um desfile pelas m\u00fasicas mais emblem\u00e1ticas do Nirvana, como &#8220;Smells Like Teen Spirit&#8221; e &#8220;Come as You Are&#8221;.&nbsp;<\/p>\n\n\n\n<p>&#8211; \u00c9 uma chance de contemplar o talento e a dedica\u00e7\u00e3o de m\u00fasicos excepcionais, que ir\u00e3o emocionar e inspirar a todos. A m\u00fasica tem um poder transformador, capaz de unir pessoas e proporcionar uma experi\u00eancia \u00fanica de aprendizado e desenvolvimento pessoal. No projeto, temos a oportunidade de ver esse poder em a\u00e7\u00e3o de forma intensa, inspiradora e inclusiva \u2013 revela emocionada Ana.<\/p>\n\n\n\n<p><strong>Servi\u00e7o:<\/strong><\/p>\n\n\n\n<p>Data e hor\u00e1rio: dia 03 de agosto, s\u00e1bado, \u00e0s 20h30<\/p>\n\n\n\n<p>Local: Teatro Brigitte Blair &#8211; Rua Miguel Lemos 51, Copacabana, Rio de Janeiro (pr\u00f3ximo \u00e0 esta\u00e7\u00e3o do metr\u00f4 Cantagalo)<\/p>\n\n\n\n<p>Ingressos: R$ 45 (meia-entrada para estudantes, idosos, PCDs e professores) e R$ 90 (inteira), vendas pelo Sympla ou na bilheteria do teatro.<\/p>\n\n\n\n<p>Vendas online:&nbsp;<a href=\"https:\/\/bileto.sympla.com.br\/event\/94767\/d\/259646\/s\/1771371\" target=\"_blank\" rel=\"noreferrer noopener\">https:\/\/bileto.sympla.com.br\/event\/94767\/d\/259646\/s\/1771371<\/a><\/p>\n\n\n\n<p>Mais informa\u00e7\u00f5es: (21) 97083-7670<\/p>\n\n\n\n<p>Classifica\u00e7\u00e3o et\u00e1ria: 14 anos<\/p>\n\n\n\n<p>Rede social:&nbsp;<a href=\"https:\/\/www.instagram.com\/bubingastudiosrio\/\" target=\"_blank\" rel=\"noreferrer noopener\">https:\/\/www.instagram.com\/bubingastudiosrio\/<\/a><\/p>\n\n\n\n<p><strong>Ficha T\u00e9cnica:<\/strong><\/p>\n\n\n\n<p>Orquestra Escola \u2013 Tributo Nirvana in Concert<\/p>\n\n\n\n<p>Realiza\u00e7\u00e3o: Academia de M\u00fasica Ferreira e Bubinga Studios<\/p>\n\n\n\n<p>Maestro: Lucas Ferreira<\/p>\n\n\n\n<p>Produ\u00e7\u00e3o Musical: Erik Fogtman<\/p>\n\n\n\n<p>Produ\u00e7\u00e3o Executiva: Ana Fogtman<\/p>\n\n\n\n<p>Apresenta\u00e7\u00e3o: Luanda Pereira e Ana Fogtman<\/p>\n\n\n\n<p>Projeto Gr\u00e1fico: Luanda Pereira<\/p>\n\n\n\n<p>Arranjos: Elson Junior &#8211; Pinguim<\/p>\n\n\n\n<p>Banda: Rafael Couto da Silveira (voz), Pedro Fogtman (guitarra), Alex Mattos (guitarra), Arthur Fiztner Kok (contrabaixo) e Erik Fogtman (bateria)<\/p>\n\n\n\n<p>Orquestra de Cordas: Rayssa Guimar\u00e3es, Gabriela Lima Reis, Ana Cl\u00e1udia Rodrigues Silva, Ana Cristina Monteiro, Isabela Pfister, Rodrigo Santos, Rafael de Menezes Ara\u00fajo, Ronaldo da Cruz Ribeiro, Ros\u00e2ngela Mattos, Thiago Guedes e Juan Brito<\/p>\n\n\n\n<p><\/p>\n","protected":false},"excerpt":{"rendered":"<p>Projeto da Academia de M\u00fasica Ferreira promove inclus\u00e3o em tributo \u00e0 ic\u00f4nica banda de rock nos 30 anos sem o<\/p>\n","protected":false},"author":1,"featured_media":1632,"comment_status":"closed","ping_status":"open","sticky":false,"template":"","format":"standard","meta":{"colormag_page_layout":"default_layout","ngg_post_thumbnail":0,"footnotes":""},"categories":[1],"tags":[],"class_list":["post-1630","post","type-post","status-publish","format-standard","has-post-thumbnail","hentry","category-blog"],"magazineBlocksPostFeaturedMedia":{"thumbnail":"https:\/\/funfans.com.br\/wp-content\/uploads\/2024\/07\/Banda-do-projeto-Nirvana-in-Concert-Credito-fotografico-Rafael-Menezes-150x150.jpg","medium":"https:\/\/funfans.com.br\/wp-content\/uploads\/2024\/07\/Banda-do-projeto-Nirvana-in-Concert-Credito-fotografico-Rafael-Menezes-300x200.jpg","medium_large":"https:\/\/funfans.com.br\/wp-content\/uploads\/2024\/07\/Banda-do-projeto-Nirvana-in-Concert-Credito-fotografico-Rafael-Menezes-768x513.jpg","large":"https:\/\/funfans.com.br\/wp-content\/uploads\/2024\/07\/Banda-do-projeto-Nirvana-in-Concert-Credito-fotografico-Rafael-Menezes-1024x684.jpg","1536x1536":"https:\/\/funfans.com.br\/wp-content\/uploads\/2024\/07\/Banda-do-projeto-Nirvana-in-Concert-Credito-fotografico-Rafael-Menezes-1536x1026.jpg","2048x2048":"https:\/\/funfans.com.br\/wp-content\/uploads\/2024\/07\/Banda-do-projeto-Nirvana-in-Concert-Credito-fotografico-Rafael-Menezes.jpg","colormag-highlighted-post":"https:\/\/funfans.com.br\/wp-content\/uploads\/2024\/07\/Banda-do-projeto-Nirvana-in-Concert-Credito-fotografico-Rafael-Menezes-392x272.jpg","colormag-featured-post-medium":"https:\/\/funfans.com.br\/wp-content\/uploads\/2024\/07\/Banda-do-projeto-Nirvana-in-Concert-Credito-fotografico-Rafael-Menezes-390x205.jpg","colormag-featured-post-small":"https:\/\/funfans.com.br\/wp-content\/uploads\/2024\/07\/Banda-do-projeto-Nirvana-in-Concert-Credito-fotografico-Rafael-Menezes-130x90.jpg","colormag-featured-image":"https:\/\/funfans.com.br\/wp-content\/uploads\/2024\/07\/Banda-do-projeto-Nirvana-in-Concert-Credito-fotografico-Rafael-Menezes-800x445.jpg","colormag-default-news":"https:\/\/funfans.com.br\/wp-content\/uploads\/2024\/07\/Banda-do-projeto-Nirvana-in-Concert-Credito-fotografico-Rafael-Menezes-150x150.jpg","colormag-featured-image-large":"https:\/\/funfans.com.br\/wp-content\/uploads\/2024\/07\/Banda-do-projeto-Nirvana-in-Concert-Credito-fotografico-Rafael-Menezes-1400x600.jpg"},"magazineBlocksPostAuthor":{"name":"funfans","avatar":"https:\/\/secure.gravatar.com\/avatar\/710c48fad4d29733bc63b1f5542568aac6ee0ca14a13aea58f0f8207cdf94866?s=96&d=mm&r=g"},"magazineBlocksPostCommentsNumber":false,"magazineBlocksPostExcerpt":"Projeto da Academia de M\u00fasica Ferreira promove inclus\u00e3o em tributo \u00e0 ic\u00f4nica banda de rock nos 30 anos sem o","magazineBlocksPostCategories":["Blog"],"magazineBlocksPostViewCount":198,"magazineBlocksPostReadTime":3,"magazine_blocks_featured_image_url":{"full":["https:\/\/funfans.com.br\/wp-content\/uploads\/2024\/07\/Banda-do-projeto-Nirvana-in-Concert-Credito-fotografico-Rafael-Menezes.jpg",1800,1202,false],"medium":["https:\/\/funfans.com.br\/wp-content\/uploads\/2024\/07\/Banda-do-projeto-Nirvana-in-Concert-Credito-fotografico-Rafael-Menezes-300x200.jpg",300,200,true],"thumbnail":["https:\/\/funfans.com.br\/wp-content\/uploads\/2024\/07\/Banda-do-projeto-Nirvana-in-Concert-Credito-fotografico-Rafael-Menezes-150x150.jpg",150,150,true]},"magazine_blocks_author":{"display_name":"funfans","author_link":"https:\/\/funfans.com.br\/index.php\/author\/funfans\/"},"magazine_blocks_comment":0,"magazine_blocks_author_image":"https:\/\/secure.gravatar.com\/avatar\/710c48fad4d29733bc63b1f5542568aac6ee0ca14a13aea58f0f8207cdf94866?s=96&d=mm&r=g","magazine_blocks_category":"<a href=\"https:\/\/funfans.com.br\/index.php\/category\/blog\/\" rel=\"category tag\">Blog<\/a>","_links":{"self":[{"href":"https:\/\/funfans.com.br\/index.php\/wp-json\/wp\/v2\/posts\/1630","targetHints":{"allow":["GET"]}}],"collection":[{"href":"https:\/\/funfans.com.br\/index.php\/wp-json\/wp\/v2\/posts"}],"about":[{"href":"https:\/\/funfans.com.br\/index.php\/wp-json\/wp\/v2\/types\/post"}],"author":[{"embeddable":true,"href":"https:\/\/funfans.com.br\/index.php\/wp-json\/wp\/v2\/users\/1"}],"replies":[{"embeddable":true,"href":"https:\/\/funfans.com.br\/index.php\/wp-json\/wp\/v2\/comments?post=1630"}],"version-history":[{"count":1,"href":"https:\/\/funfans.com.br\/index.php\/wp-json\/wp\/v2\/posts\/1630\/revisions"}],"predecessor-version":[{"id":1633,"href":"https:\/\/funfans.com.br\/index.php\/wp-json\/wp\/v2\/posts\/1630\/revisions\/1633"}],"wp:featuredmedia":[{"embeddable":true,"href":"https:\/\/funfans.com.br\/index.php\/wp-json\/wp\/v2\/media\/1632"}],"wp:attachment":[{"href":"https:\/\/funfans.com.br\/index.php\/wp-json\/wp\/v2\/media?parent=1630"}],"wp:term":[{"taxonomy":"category","embeddable":true,"href":"https:\/\/funfans.com.br\/index.php\/wp-json\/wp\/v2\/categories?post=1630"},{"taxonomy":"post_tag","embeddable":true,"href":"https:\/\/funfans.com.br\/index.php\/wp-json\/wp\/v2\/tags?post=1630"}],"curies":[{"name":"wp","href":"https:\/\/api.w.org\/{rel}","templated":true}]}}